{"id":544044,"date":"2026-08-31T02:51:07","date_gmt":"2026-08-31T02:51:07","guid":{"rendered":"https:\/\/livelycity.com\/switzerland\/wirst-du-sauber-wenn-du-ohne-duschgel-duschst\/"},"modified":"2026-08-31T02:51:07","modified_gmt":"2026-08-31T02:51:07","slug":"wirst-du-sauber-wenn-du-ohne-duschgel-duschst","status":"publish","type":"post","link":"https:\/\/livelycity.com\/switzerland\/wirst-du-sauber-wenn-du-ohne-duschgel-duschst\/","title":{"rendered":"Wirst du sauber, wenn du ohne Duschgel duschst?"},"content":{"rendered":"<p>Auch ohne Duschgel wirst du in vielen F\u00e4llen sauber. Eine Dermatologin erkl\u00e4rt, wann Wasser allein reicht, welche K\u00f6rperstellen mehr brauchen und warum weniger Duschgel deiner Haut sogar guttun kann.<\/p>\n<p><a href=\"https:\/\/www.20min.ch\/story\/duschen-ohne-duschgel-dermatologin-sagt-wann-wasser-reicht-103623277\" target=\"_blank\" class=\"\">https:\/\/www.20min.ch\/story\/duschen-ohne-duschgel-dermatologin-sagt-wann-wasser-reicht-103623277<\/a>\u00a0<\/p>\n","protected":false},"excerpt":{"rendered":"<p>Auch ohne Duschgel wirst du in vielen F\u00e4llen sauber. Eine Dermatologin erkl\u00e4rt, wann Wasser allein reicht, welche K\u00f6rperstellen mehr brauchen und warum weniger Duschgel deiner&#8230;<\/p>\n","protected":false},"author":0,"featured_media":543888,"comment_status":"closed","ping_status":"closed","sticky":false,"template":"","format":"standard","meta":{"_jetpack_memberships_contains_paid_content":false,"footnotes":""},"categories":[3],"tags":[],"class_list":["post-544044","post","type-post","status-publish","format-standard","has-post-thumbnail","hentry","category-20-minuten","wpcat-3-id"],"jetpack_featured_media_url":"https:\/\/livelycity.com\/switzerland\/wp-content\/uploads\/2026\/08\/84e6d810-52c0-4700-80ff-ec2aca123072-se3B28-scaled.jpg","jetpack_sharing_enabled":true,"_links":{"self":[{"href":"https:\/\/livelycity.com\/switzerland\/wp-json\/wp\/v2\/posts\/544044","targetHints":{"allow":["GET"]}}],"collection":[{"href":"https:\/\/livelycity.com\/switzerland\/wp-json\/wp\/v2\/posts"}],"about":[{"href":"https:\/\/livelycity.com\/switzerland\/wp-json\/wp\/v2\/types\/post"}],"replies":[{"embeddable":true,"href":"https:\/\/livelycity.com\/switzerland\/wp-json\/wp\/v2\/comments?post=544044"}],"version-history":[{"count":0,"href":"https:\/\/livelycity.com\/switzerland\/wp-json\/wp\/v2\/posts\/544044\/revisions"}],"wp:featuredmedia":[{"embeddable":true,"href":"https:\/\/livelycity.com\/switzerland\/wp-json\/wp\/v2\/media\/543888"}],"wp:attachment":[{"href":"https:\/\/livelycity.com\/switzerland\/wp-json\/wp\/v2\/media?parent=544044"}],"wp:term":[{"taxonomy":"category","embeddable":true,"href":"https:\/\/livelycity.com\/switzerland\/wp-json\/wp\/v2\/categories?post=544044"},{"taxonomy":"post_tag","embeddable":true,"href":"https:\/\/livelycity.com\/switzerland\/wp-json\/wp\/v2\/tags?post=544044"}],"curies":[{"name":"wp","href":"https:\/\/api.w.org\/{rel}","templated":true}]}}