{"id":544025,"date":"2026-08-31T08:06:20","date_gmt":"2026-08-31T08:06:20","guid":{"rendered":"https:\/\/livelycity.com\/switzerland\/erbrechen-und-tranen-das-us-open-drama-fur-djokovic\/"},"modified":"2026-08-31T08:06:20","modified_gmt":"2026-08-31T08:06:20","slug":"erbrechen-und-tranen-das-us-open-drama-fur-djokovic","status":"publish","type":"post","link":"https:\/\/livelycity.com\/switzerland\/erbrechen-und-tranen-das-us-open-drama-fur-djokovic\/","title":{"rendered":"Erbrechen und Tr\u00e4nen: Das US-Open-Drama f\u00fcr Djokovic"},"content":{"rendered":"<p>Seine 20. Teilnahme bei den US Open endet f\u00fcr Novak Djokovic als sportliche Trag\u00f6die. Die Tennis-Legende k\u00e4mpft mit schweren k\u00f6rperlichen Problemen &#8211; und scheidet so fr\u00fch wie nie zuvor aus.<\/p>\n<p><a href=\"https:\/\/www.nzz.ch\/sport\/tennis\/us-open-djokovic-scheitert-in-der-ersten-runde-ld.10021704\" target=\"_blank\" class=\"\">https:\/\/www.nzz.ch\/sport\/tennis\/us-open-djokovic-scheitert-in-der-ersten-runde-ld.10021704<\/a>\u00a0<\/p>\n","protected":false},"excerpt":{"rendered":"<p>Seine 20. Teilnahme bei den US Open endet f\u00fcr Novak Djokovic als sportliche Trag\u00f6die. Die Tennis-Legende k\u00e4mpft mit schweren k\u00f6rperlichen Problemen &#8211; und scheidet so&#8230;<\/p>\n","protected":false},"author":0,"featured_media":544026,"comment_status":"closed","ping_status":"closed","sticky":false,"template":"","format":"standard","meta":{"_jetpack_memberships_contains_paid_content":false,"footnotes":""},"categories":[6],"tags":[],"class_list":["post-544025","post","type-post","status-publish","format-standard","has-post-thumbnail","hentry","category-neue-zurcher-zeitung","wpcat-6-id"],"jetpack_featured_media_url":"https:\/\/livelycity.com\/switzerland\/wp-content\/uploads\/2026\/08\/9fb0d5ba-0e1b-4177-a11e-1f012c1834b3-YowNRK.jpg","jetpack_sharing_enabled":true,"_links":{"self":[{"href":"https:\/\/livelycity.com\/switzerland\/wp-json\/wp\/v2\/posts\/544025","targetHints":{"allow":["GET"]}}],"collection":[{"href":"https:\/\/livelycity.com\/switzerland\/wp-json\/wp\/v2\/posts"}],"about":[{"href":"https:\/\/livelycity.com\/switzerland\/wp-json\/wp\/v2\/types\/post"}],"replies":[{"embeddable":true,"href":"https:\/\/livelycity.com\/switzerland\/wp-json\/wp\/v2\/comments?post=544025"}],"version-history":[{"count":0,"href":"https:\/\/livelycity.com\/switzerland\/wp-json\/wp\/v2\/posts\/544025\/revisions"}],"wp:featuredmedia":[{"embeddable":true,"href":"https:\/\/livelycity.com\/switzerland\/wp-json\/wp\/v2\/media\/544026"}],"wp:attachment":[{"href":"https:\/\/livelycity.com\/switzerland\/wp-json\/wp\/v2\/media?parent=544025"}],"wp:term":[{"taxonomy":"category","embeddable":true,"href":"https:\/\/livelycity.com\/switzerland\/wp-json\/wp\/v2\/categories?post=544025"},{"taxonomy":"post_tag","embeddable":true,"href":"https:\/\/livelycity.com\/switzerland\/wp-json\/wp\/v2\/tags?post=544025"}],"curies":[{"name":"wp","href":"https:\/\/api.w.org\/{rel}","templated":true}]}}