{"id":544024,"date":"2026-08-31T04:49:22","date_gmt":"2026-08-31T04:49:22","guid":{"rendered":"https:\/\/livelycity.com\/switzerland\/drama-bei-us-open-djokovic-ubergibt-sich-und-scheitert-fruh\/"},"modified":"2026-08-31T04:49:22","modified_gmt":"2026-08-31T04:49:22","slug":"drama-bei-us-open-djokovic-ubergibt-sich-und-scheitert-fruh","status":"publish","type":"post","link":"https:\/\/livelycity.com\/switzerland\/drama-bei-us-open-djokovic-ubergibt-sich-und-scheitert-fruh\/","title":{"rendered":"Drama bei US Open: Djokovic \u00fcbergibt sich und scheitert fr\u00fch"},"content":{"rendered":"<p>Seine 20. Teilnahme bei den US Open endet f\u00fcr Novak Djokovic als sportliche Trag\u00f6die. Die Tennis-Legende k\u00e4mpft mit schweren k\u00f6rperlichen Problemen \u2013 und scheidet so fr\u00fch wie nie zuvor aus.<\/p>\n<p><a href=\"https:\/\/www.20min.ch\/story\/tennis-drama-bei-us-open-djokovic-uebergibt-sich-und-scheitert-frueh-103625095\" target=\"_blank\" class=\"\">https:\/\/www.20min.ch\/story\/tennis-drama-bei-us-open-djokovic-uebergibt-sich-und-scheitert-frueh-103625095<\/a>\u00a0<\/p>\n","protected":false},"excerpt":{"rendered":"<p>Seine 20. Teilnahme bei den US Open endet f\u00fcr Novak Djokovic als sportliche Trag\u00f6die. Die Tennis-Legende k\u00e4mpft mit schweren k\u00f6rperlichen Problemen \u2013 und scheidet so&#8230;<\/p>\n","protected":false},"author":0,"featured_media":543958,"comment_status":"closed","ping_status":"closed","sticky":false,"template":"","format":"standard","meta":{"_jetpack_memberships_contains_paid_content":false,"footnotes":""},"categories":[3],"tags":[],"class_list":["post-544024","post","type-post","status-publish","format-standard","has-post-thumbnail","hentry","category-20-minuten","wpcat-3-id"],"jetpack_featured_media_url":"https:\/\/livelycity.com\/switzerland\/wp-content\/uploads\/2026\/08\/06aa94b8-d1f8-4bfd-afcf-c3ed679aba6a-aQlJJc-scaled.jpg","jetpack_sharing_enabled":true,"_links":{"self":[{"href":"https:\/\/livelycity.com\/switzerland\/wp-json\/wp\/v2\/posts\/544024","targetHints":{"allow":["GET"]}}],"collection":[{"href":"https:\/\/livelycity.com\/switzerland\/wp-json\/wp\/v2\/posts"}],"about":[{"href":"https:\/\/livelycity.com\/switzerland\/wp-json\/wp\/v2\/types\/post"}],"replies":[{"embeddable":true,"href":"https:\/\/livelycity.com\/switzerland\/wp-json\/wp\/v2\/comments?post=544024"}],"version-history":[{"count":0,"href":"https:\/\/livelycity.com\/switzerland\/wp-json\/wp\/v2\/posts\/544024\/revisions"}],"wp:featuredmedia":[{"embeddable":true,"href":"https:\/\/livelycity.com\/switzerland\/wp-json\/wp\/v2\/media\/543958"}],"wp:attachment":[{"href":"https:\/\/livelycity.com\/switzerland\/wp-json\/wp\/v2\/media?parent=544024"}],"wp:term":[{"taxonomy":"category","embeddable":true,"href":"https:\/\/livelycity.com\/switzerland\/wp-json\/wp\/v2\/categories?post=544024"},{"taxonomy":"post_tag","embeddable":true,"href":"https:\/\/livelycity.com\/switzerland\/wp-json\/wp\/v2\/tags?post=544024"}],"curies":[{"name":"wp","href":"https:\/\/api.w.org\/{rel}","templated":true}]}}