{"id":543928,"date":"2026-08-31T03:30:00","date_gmt":"2026-08-31T03:30:00","guid":{"rendered":"https:\/\/livelycity.com\/switzerland\/die-spur-fuhrt-nach-berlin-stasi-akten-sollen-den-fall-lockerbie-endgultig-klaren\/"},"modified":"2026-08-31T03:30:00","modified_gmt":"2026-08-31T03:30:00","slug":"die-spur-fuhrt-nach-berlin-stasi-akten-sollen-den-fall-lockerbie-endgultig-klaren","status":"publish","type":"post","link":"https:\/\/livelycity.com\/switzerland\/die-spur-fuhrt-nach-berlin-stasi-akten-sollen-den-fall-lockerbie-endgultig-klaren\/","title":{"rendered":"Die Spur f\u00fchrt nach Berlin: Stasi-Akten sollen den Fall Lockerbie endg\u00fcltig kl\u00e4ren"},"content":{"rendered":"<p>Fast vierzig Jahre nach dem Anschlag von Lockerbie mit 270 Toten steht in den USA der mutmassliche Bombenbauer vor Gericht. Doch kurz vor Prozessbeginn ist ein neues Beweismittel aufgetaucht \u2013 was die Suche nach der Wahrheit weiter verz\u00f6gert.<\/p>\n<p><a href=\"https:\/\/www.nzz.ch\/international\/die-spur-fuehrt-nach-berlin-stasi-akten-sollen-den-fall-lockerbie-endgueltig-klaeren-ld.10021454\" target=\"_blank\" class=\"\">https:\/\/www.nzz.ch\/international\/die-spur-fuehrt-nach-berlin-stasi-akten-sollen-den-fall-lockerbie-endgueltig-klaeren-ld.10021454<\/a>\u00a0<\/p>\n","protected":false},"excerpt":{"rendered":"<p>Fast vierzig Jahre nach dem Anschlag von Lockerbie mit 270 Toten steht in den USA der mutmassliche Bombenbauer vor Gericht. Doch kurz vor Prozessbeginn ist&#8230;<\/p>\n","protected":false},"author":0,"featured_media":543929,"comment_status":"closed","ping_status":"closed","sticky":false,"template":"","format":"standard","meta":{"_jetpack_memberships_contains_paid_content":false,"footnotes":""},"categories":[6],"tags":[],"class_list":["post-543928","post","type-post","status-publish","format-standard","has-post-thumbnail","hentry","category-neue-zurcher-zeitung","wpcat-6-id"],"jetpack_featured_media_url":"https:\/\/livelycity.com\/switzerland\/wp-content\/uploads\/2026\/08\/503b2505-a7dc-47b3-8c1f-5bbaa406e381-Whrf1z.jpg","jetpack_sharing_enabled":true,"_links":{"self":[{"href":"https:\/\/livelycity.com\/switzerland\/wp-json\/wp\/v2\/posts\/543928","targetHints":{"allow":["GET"]}}],"collection":[{"href":"https:\/\/livelycity.com\/switzerland\/wp-json\/wp\/v2\/posts"}],"about":[{"href":"https:\/\/livelycity.com\/switzerland\/wp-json\/wp\/v2\/types\/post"}],"replies":[{"embeddable":true,"href":"https:\/\/livelycity.com\/switzerland\/wp-json\/wp\/v2\/comments?post=543928"}],"version-history":[{"count":0,"href":"https:\/\/livelycity.com\/switzerland\/wp-json\/wp\/v2\/posts\/543928\/revisions"}],"wp:featuredmedia":[{"embeddable":true,"href":"https:\/\/livelycity.com\/switzerland\/wp-json\/wp\/v2\/media\/543929"}],"wp:attachment":[{"href":"https:\/\/livelycity.com\/switzerland\/wp-json\/wp\/v2\/media?parent=543928"}],"wp:term":[{"taxonomy":"category","embeddable":true,"href":"https:\/\/livelycity.com\/switzerland\/wp-json\/wp\/v2\/categories?post=543928"},{"taxonomy":"post_tag","embeddable":true,"href":"https:\/\/livelycity.com\/switzerland\/wp-json\/wp\/v2\/tags?post=543928"}],"curies":[{"name":"wp","href":"https:\/\/api.w.org\/{rel}","templated":true}]}}