{"id":543924,"date":"2026-08-31T03:30:00","date_gmt":"2026-08-31T03:30:00","guid":{"rendered":"https:\/\/livelycity.com\/switzerland\/ein-ol-deal-als-machtgarantie-wie-delcy-rodriguez-und-donald-trump-gemeinsame-sache-machen\/"},"modified":"2026-08-31T03:30:00","modified_gmt":"2026-08-31T03:30:00","slug":"ein-ol-deal-als-machtgarantie-wie-delcy-rodriguez-und-donald-trump-gemeinsame-sache-machen","status":"publish","type":"post","link":"https:\/\/livelycity.com\/switzerland\/ein-ol-deal-als-machtgarantie-wie-delcy-rodriguez-und-donald-trump-gemeinsame-sache-machen\/","title":{"rendered":"Ein \u00d6l-Deal als Machtgarantie: wie Delcy Rodr\u00edguez und Donald Trump gemeinsame Sache machen"},"content":{"rendered":"<p>Trotz internen Widerst\u00e4nden, verfassungsrechtlichen Zweifeln und dubiosen Vermittlern treiben Washington und Caracas die \u00d6ffnung des venezolanischen Erd\u00f6lsektors voran. F\u00fcr die Machthaberin ist das heikle Gesch\u00e4ft eine Lebensversicherung.<\/p>\n<p><a href=\"https:\/\/www.nzz.ch\/international\/ein-oel-deal-als-machtgarantie-wie-delcy-rodriguez-und-donald-trump-gemeinsame-sache-machen-ld.10021635\" target=\"_blank\" class=\"\">https:\/\/www.nzz.ch\/international\/ein-oel-deal-als-machtgarantie-wie-delcy-rodriguez-und-donald-trump-gemeinsame-sache-machen-ld.10021635<\/a>\u00a0<\/p>\n","protected":false},"excerpt":{"rendered":"<p>Trotz internen Widerst\u00e4nden, verfassungsrechtlichen Zweifeln und dubiosen Vermittlern treiben Washington und Caracas die \u00d6ffnung des venezolanischen Erd\u00f6lsektors voran. F\u00fcr die Machthaberin ist das heikle Gesch\u00e4ft&#8230;<\/p>\n","protected":false},"author":0,"featured_media":543925,"comment_status":"closed","ping_status":"closed","sticky":false,"template":"","format":"standard","meta":{"_jetpack_memberships_contains_paid_content":false,"footnotes":""},"categories":[6],"tags":[],"class_list":["post-543924","post","type-post","status-publish","format-standard","has-post-thumbnail","hentry","category-neue-zurcher-zeitung","wpcat-6-id"],"jetpack_featured_media_url":"https:\/\/livelycity.com\/switzerland\/wp-content\/uploads\/2026\/08\/cc98d107-6ece-444b-b2de-29ec5ab0fcc0-MgAzbS.jpg","jetpack_sharing_enabled":true,"_links":{"self":[{"href":"https:\/\/livelycity.com\/switzerland\/wp-json\/wp\/v2\/posts\/543924","targetHints":{"allow":["GET"]}}],"collection":[{"href":"https:\/\/livelycity.com\/switzerland\/wp-json\/wp\/v2\/posts"}],"about":[{"href":"https:\/\/livelycity.com\/switzerland\/wp-json\/wp\/v2\/types\/post"}],"replies":[{"embeddable":true,"href":"https:\/\/livelycity.com\/switzerland\/wp-json\/wp\/v2\/comments?post=543924"}],"version-history":[{"count":0,"href":"https:\/\/livelycity.com\/switzerland\/wp-json\/wp\/v2\/posts\/543924\/revisions"}],"wp:featuredmedia":[{"embeddable":true,"href":"https:\/\/livelycity.com\/switzerland\/wp-json\/wp\/v2\/media\/543925"}],"wp:attachment":[{"href":"https:\/\/livelycity.com\/switzerland\/wp-json\/wp\/v2\/media?parent=543924"}],"wp:term":[{"taxonomy":"category","embeddable":true,"href":"https:\/\/livelycity.com\/switzerland\/wp-json\/wp\/v2\/categories?post=543924"},{"taxonomy":"post_tag","embeddable":true,"href":"https:\/\/livelycity.com\/switzerland\/wp-json\/wp\/v2\/tags?post=543924"}],"curies":[{"name":"wp","href":"https:\/\/api.w.org\/{rel}","templated":true}]}}