{"id":543922,"date":"2026-08-31T03:30:00","date_gmt":"2026-08-31T03:30:00","guid":{"rendered":"https:\/\/livelycity.com\/switzerland\/nein-zu-beitrittsverhandlungen-island-braucht-keine-eu-mitgliedschaft-die-nato-reicht\/"},"modified":"2026-08-31T03:30:00","modified_gmt":"2026-08-31T03:30:00","slug":"nein-zu-beitrittsverhandlungen-island-braucht-keine-eu-mitgliedschaft-die-nato-reicht","status":"publish","type":"post","link":"https:\/\/livelycity.com\/switzerland\/nein-zu-beitrittsverhandlungen-island-braucht-keine-eu-mitgliedschaft-die-nato-reicht\/","title":{"rendered":"Nein zu Beitrittsverhandlungen: Island braucht keine EU-Mitgliedschaft, die Nato reicht"},"content":{"rendered":"<p>Die isl\u00e4ndische Bev\u00f6lkerung erteilt Br\u00fcssel eine \u00fcberraschend klare Absage. Die Ann\u00e4herung beruhte auf einer Illusion. Reykjavik suchte den Schutz der EU, verdr\u00e4ngte dabei aber den hohen Preis des Souver\u00e4nit\u00e4tsverlusts.<\/p>\n<p><a href=\"https:\/\/www.nzz.ch\/international\/nein-zu-beitrittsverhandlungen-island-braucht-keine-eu-mitgliedschaft-die-nato-reicht-ld.10021638\" target=\"_blank\" class=\"\">https:\/\/www.nzz.ch\/international\/nein-zu-beitrittsverhandlungen-island-braucht-keine-eu-mitgliedschaft-die-nato-reicht-ld.10021638<\/a>\u00a0<\/p>\n","protected":false},"excerpt":{"rendered":"<p>Die isl\u00e4ndische Bev\u00f6lkerung erteilt Br\u00fcssel eine \u00fcberraschend klare Absage. Die Ann\u00e4herung beruhte auf einer Illusion. Reykjavik suchte den Schutz der EU, verdr\u00e4ngte dabei aber den&#8230;<\/p>\n","protected":false},"author":0,"featured_media":543923,"comment_status":"closed","ping_status":"closed","sticky":false,"template":"","format":"standard","meta":{"_jetpack_memberships_contains_paid_content":false,"footnotes":""},"categories":[6],"tags":[],"class_list":["post-543922","post","type-post","status-publish","format-standard","has-post-thumbnail","hentry","category-neue-zurcher-zeitung","wpcat-6-id"],"jetpack_featured_media_url":"https:\/\/livelycity.com\/switzerland\/wp-content\/uploads\/2026\/08\/341ba211-a4e5-4abc-b4eb-19f959722cde-Gp30v3.jpg","jetpack_sharing_enabled":true,"_links":{"self":[{"href":"https:\/\/livelycity.com\/switzerland\/wp-json\/wp\/v2\/posts\/543922","targetHints":{"allow":["GET"]}}],"collection":[{"href":"https:\/\/livelycity.com\/switzerland\/wp-json\/wp\/v2\/posts"}],"about":[{"href":"https:\/\/livelycity.com\/switzerland\/wp-json\/wp\/v2\/types\/post"}],"replies":[{"embeddable":true,"href":"https:\/\/livelycity.com\/switzerland\/wp-json\/wp\/v2\/comments?post=543922"}],"version-history":[{"count":0,"href":"https:\/\/livelycity.com\/switzerland\/wp-json\/wp\/v2\/posts\/543922\/revisions"}],"wp:featuredmedia":[{"embeddable":true,"href":"https:\/\/livelycity.com\/switzerland\/wp-json\/wp\/v2\/media\/543923"}],"wp:attachment":[{"href":"https:\/\/livelycity.com\/switzerland\/wp-json\/wp\/v2\/media?parent=543922"}],"wp:term":[{"taxonomy":"category","embeddable":true,"href":"https:\/\/livelycity.com\/switzerland\/wp-json\/wp\/v2\/categories?post=543922"},{"taxonomy":"post_tag","embeddable":true,"href":"https:\/\/livelycity.com\/switzerland\/wp-json\/wp\/v2\/tags?post=543922"}],"curies":[{"name":"wp","href":"https:\/\/api.w.org\/{rel}","templated":true}]}}