{"id":543918,"date":"2026-08-31T03:30:00","date_gmt":"2026-08-31T03:30:00","guid":{"rendered":"https:\/\/livelycity.com\/switzerland\/der-andere-blick-der-problembar-der-afd-hans-thomas-tillschneider-steht-exemplarisch-fur-die-personelle-misere-der-partei\/"},"modified":"2026-08-31T03:30:00","modified_gmt":"2026-08-31T03:30:00","slug":"der-andere-blick-der-problembar-der-afd-hans-thomas-tillschneider-steht-exemplarisch-fur-die-personelle-misere-der-partei","status":"publish","type":"post","link":"https:\/\/livelycity.com\/switzerland\/der-andere-blick-der-problembar-der-afd-hans-thomas-tillschneider-steht-exemplarisch-fur-die-personelle-misere-der-partei\/","title":{"rendered":"DER ANDERE BLICK &#8211; Der Problemb\u00e4r der AfD: Hans-Thomas Tillschneider steht exemplarisch f\u00fcr die personelle Misere der Partei"},"content":{"rendered":"<p>Der Vordenker der Rechten blamiert sich erneut \u00f6ffentlich. Ihm und anderen AfD-Spitzenleuten fehlt es an Contenance. Die F\u00fchrung der Partei schafft es einfach nicht, souver\u00e4n aufzutreten.<\/p>\n<p><a href=\"https:\/\/www.nzz.ch\/der-andere-blick\/der-problembaer-der-afd-hans-thomas-tillschneider-steht-exemplarisch-fuer-die-personelle-misere-der-partei-ld.10021650\" target=\"_blank\" class=\"\">https:\/\/www.nzz.ch\/der-andere-blick\/der-problembaer-der-afd-hans-thomas-tillschneider-steht-exemplarisch-fuer-die-personelle-misere-der-partei-ld.10021650<\/a>\u00a0<\/p>\n","protected":false},"excerpt":{"rendered":"<p>Der Vordenker der Rechten blamiert sich erneut \u00f6ffentlich. Ihm und anderen AfD-Spitzenleuten fehlt es an Contenance. Die F\u00fchrung der Partei schafft es einfach nicht, souver\u00e4n&#8230;<\/p>\n","protected":false},"author":0,"featured_media":543919,"comment_status":"closed","ping_status":"closed","sticky":false,"template":"","format":"standard","meta":{"_jetpack_memberships_contains_paid_content":false,"footnotes":""},"categories":[6],"tags":[],"class_list":["post-543918","post","type-post","status-publish","format-standard","has-post-thumbnail","hentry","category-neue-zurcher-zeitung","wpcat-6-id"],"jetpack_featured_media_url":"https:\/\/livelycity.com\/switzerland\/wp-content\/uploads\/2026\/08\/21ba1b3a-af07-4719-8096-e7bb6c2fa7bf-VNBQMC.jpg","jetpack_sharing_enabled":true,"_links":{"self":[{"href":"https:\/\/livelycity.com\/switzerland\/wp-json\/wp\/v2\/posts\/543918","targetHints":{"allow":["GET"]}}],"collection":[{"href":"https:\/\/livelycity.com\/switzerland\/wp-json\/wp\/v2\/posts"}],"about":[{"href":"https:\/\/livelycity.com\/switzerland\/wp-json\/wp\/v2\/types\/post"}],"replies":[{"embeddable":true,"href":"https:\/\/livelycity.com\/switzerland\/wp-json\/wp\/v2\/comments?post=543918"}],"version-history":[{"count":0,"href":"https:\/\/livelycity.com\/switzerland\/wp-json\/wp\/v2\/posts\/543918\/revisions"}],"wp:featuredmedia":[{"embeddable":true,"href":"https:\/\/livelycity.com\/switzerland\/wp-json\/wp\/v2\/media\/543919"}],"wp:attachment":[{"href":"https:\/\/livelycity.com\/switzerland\/wp-json\/wp\/v2\/media?parent=543918"}],"wp:term":[{"taxonomy":"category","embeddable":true,"href":"https:\/\/livelycity.com\/switzerland\/wp-json\/wp\/v2\/categories?post=543918"},{"taxonomy":"post_tag","embeddable":true,"href":"https:\/\/livelycity.com\/switzerland\/wp-json\/wp\/v2\/tags?post=543918"}],"curies":[{"name":"wp","href":"https:\/\/api.w.org\/{rel}","templated":true}]}}