{"id":543914,"date":"2026-08-31T03:40:00","date_gmt":"2026-08-31T03:40:00","guid":{"rendered":"https:\/\/livelycity.com\/switzerland\/kommentar-polen-ist-eine-erfolgsgeschichte-aber-politisch-nutzt-es-sein-potenzial-nicht\/"},"modified":"2026-08-31T03:40:00","modified_gmt":"2026-08-31T03:40:00","slug":"kommentar-polen-ist-eine-erfolgsgeschichte-aber-politisch-nutzt-es-sein-potenzial-nicht","status":"publish","type":"post","link":"https:\/\/livelycity.com\/switzerland\/kommentar-polen-ist-eine-erfolgsgeschichte-aber-politisch-nutzt-es-sein-potenzial-nicht\/","title":{"rendered":"KOMMENTAR &#8211; Polen ist eine Erfolgsgeschichte \u2013 aber politisch nutzt es sein Potenzial nicht"},"content":{"rendered":"<p>Trotz wirtschaftlichem Erfolg herrscht in Ostmitteleuropas gewichtigstem Staat ein Jahr vor den n\u00e4chsten Wahlen Ern\u00fcchterung. Streit in der Koalition und Konflikte mit dem Pr\u00e4sidenten l\u00e4hmen Gesellschaft und Politik. Das schadet dem Land \u2013 und Europa.<\/p>\n<p><a href=\"https:\/\/www.nzz.ch\/meinung\/polen-nutzt-sein-potenzial-nicht-ld.10021006\" target=\"_blank\" class=\"\">https:\/\/www.nzz.ch\/meinung\/polen-nutzt-sein-potenzial-nicht-ld.10021006<\/a>\u00a0<\/p>\n","protected":false},"excerpt":{"rendered":"<p>Trotz wirtschaftlichem Erfolg herrscht in Ostmitteleuropas gewichtigstem Staat ein Jahr vor den n\u00e4chsten Wahlen Ern\u00fcchterung. Streit in der Koalition und Konflikte mit dem Pr\u00e4sidenten l\u00e4hmen&#8230;<\/p>\n","protected":false},"author":0,"featured_media":543915,"comment_status":"closed","ping_status":"closed","sticky":false,"template":"","format":"standard","meta":{"_jetpack_memberships_contains_paid_content":false,"footnotes":""},"categories":[6],"tags":[],"class_list":["post-543914","post","type-post","status-publish","format-standard","has-post-thumbnail","hentry","category-neue-zurcher-zeitung","wpcat-6-id"],"jetpack_featured_media_url":"https:\/\/livelycity.com\/switzerland\/wp-content\/uploads\/2026\/08\/3d5a4e7b-9382-4e8c-885f-62077b410ac4-uyRR50.jpg","jetpack_sharing_enabled":true,"_links":{"self":[{"href":"https:\/\/livelycity.com\/switzerland\/wp-json\/wp\/v2\/posts\/543914","targetHints":{"allow":["GET"]}}],"collection":[{"href":"https:\/\/livelycity.com\/switzerland\/wp-json\/wp\/v2\/posts"}],"about":[{"href":"https:\/\/livelycity.com\/switzerland\/wp-json\/wp\/v2\/types\/post"}],"replies":[{"embeddable":true,"href":"https:\/\/livelycity.com\/switzerland\/wp-json\/wp\/v2\/comments?post=543914"}],"version-history":[{"count":0,"href":"https:\/\/livelycity.com\/switzerland\/wp-json\/wp\/v2\/posts\/543914\/revisions"}],"wp:featuredmedia":[{"embeddable":true,"href":"https:\/\/livelycity.com\/switzerland\/wp-json\/wp\/v2\/media\/543915"}],"wp:attachment":[{"href":"https:\/\/livelycity.com\/switzerland\/wp-json\/wp\/v2\/media?parent=543914"}],"wp:term":[{"taxonomy":"category","embeddable":true,"href":"https:\/\/livelycity.com\/switzerland\/wp-json\/wp\/v2\/categories?post=543914"},{"taxonomy":"post_tag","embeddable":true,"href":"https:\/\/livelycity.com\/switzerland\/wp-json\/wp\/v2\/tags?post=543914"}],"curies":[{"name":"wp","href":"https:\/\/api.w.org\/{rel}","templated":true}]}}