{"id":543882,"date":"2026-08-31T03:00:00","date_gmt":"2026-08-31T03:00:00","guid":{"rendered":"https:\/\/livelycity.com\/switzerland\/interview-philipp-hildebrand-zu-den-finanzproblemen-am-kunsthaus-zurich-ich-habe-mit-dieser-subventionserhohung-gekampft\/"},"modified":"2026-08-31T03:00:00","modified_gmt":"2026-08-31T03:00:00","slug":"interview-philipp-hildebrand-zu-den-finanzproblemen-am-kunsthaus-zurich-ich-habe-mit-dieser-subventionserhohung-gekampft","status":"publish","type":"post","link":"https:\/\/livelycity.com\/switzerland\/interview-philipp-hildebrand-zu-den-finanzproblemen-am-kunsthaus-zurich-ich-habe-mit-dieser-subventionserhohung-gekampft\/","title":{"rendered":"INTERVIEW &#8211; Philipp Hildebrand zu den Finanzproblemen am Kunsthaus Z\u00fcrich: \u00abIch habe mit dieser Subventionserh\u00f6hung gek\u00e4mpft\u00bb"},"content":{"rendered":"<p>Die Museumsdirektorin Ann Demeester und der Kunstgesellschaftspr\u00e4sident Philipp Hildebrand sagen, warum sie mehr Geld vom Staat verlangen. Und wie sie einem m\u00f6glichen Wegzug der B\u00fchrle-Sammlung entgegenblicken.<\/p>\n<p><a href=\"https:\/\/www.nzz.ch\/zuerich\/kunsthaus-subventionen-zuerich-philipp-hildebrand-und-ann-demeester-im-interview-ld.10021424\" target=\"_blank\" class=\"\">https:\/\/www.nzz.ch\/zuerich\/kunsthaus-subventionen-zuerich-philipp-hildebrand-und-ann-demeester-im-interview-ld.10021424<\/a>\u00a0<\/p>\n","protected":false},"excerpt":{"rendered":"<p>Die Museumsdirektorin Ann Demeester und der Kunstgesellschaftspr\u00e4sident Philipp Hildebrand sagen, warum sie mehr Geld vom Staat verlangen. Und wie sie einem m\u00f6glichen Wegzug der B\u00fchrle-Sammlung&#8230;<\/p>\n","protected":false},"author":0,"featured_media":543880,"comment_status":"closed","ping_status":"closed","sticky":false,"template":"","format":"standard","meta":{"_jetpack_memberships_contains_paid_content":false,"footnotes":""},"categories":[6],"tags":[],"class_list":["post-543882","post","type-post","status-publish","format-standard","has-post-thumbnail","hentry","category-neue-zurcher-zeitung","wpcat-6-id"],"jetpack_featured_media_url":"https:\/\/livelycity.com\/switzerland\/wp-content\/uploads\/2026\/08\/478ad1b2-0d1a-4056-b9a0-da0e28281faa-c7vdBq.jpg","jetpack_sharing_enabled":true,"_links":{"self":[{"href":"https:\/\/livelycity.com\/switzerland\/wp-json\/wp\/v2\/posts\/543882","targetHints":{"allow":["GET"]}}],"collection":[{"href":"https:\/\/livelycity.com\/switzerland\/wp-json\/wp\/v2\/posts"}],"about":[{"href":"https:\/\/livelycity.com\/switzerland\/wp-json\/wp\/v2\/types\/post"}],"replies":[{"embeddable":true,"href":"https:\/\/livelycity.com\/switzerland\/wp-json\/wp\/v2\/comments?post=543882"}],"version-history":[{"count":0,"href":"https:\/\/livelycity.com\/switzerland\/wp-json\/wp\/v2\/posts\/543882\/revisions"}],"wp:featuredmedia":[{"embeddable":true,"href":"https:\/\/livelycity.com\/switzerland\/wp-json\/wp\/v2\/media\/543880"}],"wp:attachment":[{"href":"https:\/\/livelycity.com\/switzerland\/wp-json\/wp\/v2\/media?parent=543882"}],"wp:term":[{"taxonomy":"category","embeddable":true,"href":"https:\/\/livelycity.com\/switzerland\/wp-json\/wp\/v2\/categories?post=543882"},{"taxonomy":"post_tag","embeddable":true,"href":"https:\/\/livelycity.com\/switzerland\/wp-json\/wp\/v2\/tags?post=543882"}],"curies":[{"name":"wp","href":"https:\/\/api.w.org\/{rel}","templated":true}]}}