{"id":543874,"date":"2026-08-31T02:13:43","date_gmt":"2026-08-31T02:13:43","guid":{"rendered":"https:\/\/livelycity.com\/switzerland\/ist-der-kapitan-gefluchtet-vorwurfe-gegen-crew-nach-fahrungluck\/"},"modified":"2026-08-31T02:13:43","modified_gmt":"2026-08-31T02:13:43","slug":"ist-der-kapitan-gefluchtet-vorwurfe-gegen-crew-nach-fahrungluck","status":"publish","type":"post","link":"https:\/\/livelycity.com\/switzerland\/ist-der-kapitan-gefluchtet-vorwurfe-gegen-crew-nach-fahrungluck\/","title":{"rendered":"Ist der Kapit\u00e4n gefl\u00fcchtet? Vorw\u00fcrfe gegen Crew nach F\u00e4hrungl\u00fcck"},"content":{"rendered":"<p>Ein Katamaran mit Hunderten Passagieren kentert im Mittelmeer, mehrere Menschen sterben, mehr als ein Dutzend werden vermisst. Gerettete Insassen erheben schwere Anschuldigungen gegen die Besatzung.<\/p>\n<p><a href=\"https:\/\/www.20min.ch\/story\/vor-der-kueste-zyperns-ist-der-kapitaen-gefluechtet-vorwuerfe-gegen-crew-nach-faehrunglueck-103625090\" target=\"_blank\" class=\"\">https:\/\/www.20min.ch\/story\/vor-der-kueste-zyperns-ist-der-kapitaen-gefluechtet-vorwuerfe-gegen-crew-nach-faehrunglueck-103625090<\/a>\u00a0<\/p>\n","protected":false},"excerpt":{"rendered":"<p>Ein Katamaran mit Hunderten Passagieren kentert im Mittelmeer, mehrere Menschen sterben, mehr als ein Dutzend werden vermisst. Gerettete Insassen erheben schwere Anschuldigungen gegen die Besatzung&#8230;.<\/p>\n","protected":false},"author":0,"featured_media":543858,"comment_status":"closed","ping_status":"closed","sticky":false,"template":"","format":"standard","meta":{"_jetpack_memberships_contains_paid_content":false,"footnotes":""},"categories":[3],"tags":[],"class_list":["post-543874","post","type-post","status-publish","format-standard","has-post-thumbnail","hentry","category-20-minuten","wpcat-3-id"],"jetpack_featured_media_url":"https:\/\/livelycity.com\/switzerland\/wp-content\/uploads\/2026\/08\/128d03e3-f966-41d0-825e-a0c01eb6b875-0Umbnj.jpg","jetpack_sharing_enabled":true,"_links":{"self":[{"href":"https:\/\/livelycity.com\/switzerland\/wp-json\/wp\/v2\/posts\/543874","targetHints":{"allow":["GET"]}}],"collection":[{"href":"https:\/\/livelycity.com\/switzerland\/wp-json\/wp\/v2\/posts"}],"about":[{"href":"https:\/\/livelycity.com\/switzerland\/wp-json\/wp\/v2\/types\/post"}],"replies":[{"embeddable":true,"href":"https:\/\/livelycity.com\/switzerland\/wp-json\/wp\/v2\/comments?post=543874"}],"version-history":[{"count":0,"href":"https:\/\/livelycity.com\/switzerland\/wp-json\/wp\/v2\/posts\/543874\/revisions"}],"wp:featuredmedia":[{"embeddable":true,"href":"https:\/\/livelycity.com\/switzerland\/wp-json\/wp\/v2\/media\/543858"}],"wp:attachment":[{"href":"https:\/\/livelycity.com\/switzerland\/wp-json\/wp\/v2\/media?parent=543874"}],"wp:term":[{"taxonomy":"category","embeddable":true,"href":"https:\/\/livelycity.com\/switzerland\/wp-json\/wp\/v2\/categories?post=543874"},{"taxonomy":"post_tag","embeddable":true,"href":"https:\/\/livelycity.com\/switzerland\/wp-json\/wp\/v2\/tags?post=543874"}],"curies":[{"name":"wp","href":"https:\/\/api.w.org\/{rel}","templated":true}]}}