{"id":543741,"date":"2026-08-30T19:59:26","date_gmt":"2026-08-30T19:59:26","guid":{"rendered":"https:\/\/livelycity.com\/switzerland\/opfer-von-aarau-22-kam-fur-ein-neues-leben-in-die-schweiz\/"},"modified":"2026-08-30T19:59:26","modified_gmt":"2026-08-30T19:59:26","slug":"opfer-von-aarau-22-kam-fur-ein-neues-leben-in-die-schweiz","status":"publish","type":"post","link":"https:\/\/livelycity.com\/switzerland\/opfer-von-aarau-22-kam-fur-ein-neues-leben-in-die-schweiz\/","title":{"rendered":"Opfer von Aarau (22) kam f\u00fcr ein neues Leben in die Schweiz"},"content":{"rendered":"<p>Vor einem Monat kam die 22-j\u00e4hrige Italienerin in die Schweiz, um neu anzufangen. Nun wurde sie nach einem Rave durch Sch\u00fcsse in Aarau get\u00f6tet. Eine Nachbarin erinnert sich an sie.<\/p>\n<p><a href=\"https:\/\/www.20min.ch\/story\/schuesse-bei-rave-opfer-von-aarau-22-kam-fuer-ein-neues-leben-in-die-schweiz-103625058\" target=\"_blank\" class=\"\">https:\/\/www.20min.ch\/story\/schuesse-bei-rave-opfer-von-aarau-22-kam-fuer-ein-neues-leben-in-die-schweiz-103625058<\/a>\u00a0<\/p>\n","protected":false},"excerpt":{"rendered":"<p>Vor einem Monat kam die 22-j\u00e4hrige Italienerin in die Schweiz, um neu anzufangen. Nun wurde sie nach einem Rave durch Sch\u00fcsse in Aarau get\u00f6tet. Eine&#8230;<\/p>\n","protected":false},"author":0,"featured_media":543730,"comment_status":"closed","ping_status":"closed","sticky":false,"template":"","format":"standard","meta":{"_jetpack_memberships_contains_paid_content":false,"footnotes":""},"categories":[3],"tags":[],"class_list":["post-543741","post","type-post","status-publish","format-standard","has-post-thumbnail","hentry","category-20-minuten","wpcat-3-id"],"jetpack_featured_media_url":"https:\/\/livelycity.com\/switzerland\/wp-content\/uploads\/2026\/08\/2d701d14-d4e5-436b-b416-fa0f31b1a0a1-1UO0yr.png","jetpack_sharing_enabled":true,"_links":{"self":[{"href":"https:\/\/livelycity.com\/switzerland\/wp-json\/wp\/v2\/posts\/543741","targetHints":{"allow":["GET"]}}],"collection":[{"href":"https:\/\/livelycity.com\/switzerland\/wp-json\/wp\/v2\/posts"}],"about":[{"href":"https:\/\/livelycity.com\/switzerland\/wp-json\/wp\/v2\/types\/post"}],"replies":[{"embeddable":true,"href":"https:\/\/livelycity.com\/switzerland\/wp-json\/wp\/v2\/comments?post=543741"}],"version-history":[{"count":0,"href":"https:\/\/livelycity.com\/switzerland\/wp-json\/wp\/v2\/posts\/543741\/revisions"}],"wp:featuredmedia":[{"embeddable":true,"href":"https:\/\/livelycity.com\/switzerland\/wp-json\/wp\/v2\/media\/543730"}],"wp:attachment":[{"href":"https:\/\/livelycity.com\/switzerland\/wp-json\/wp\/v2\/media?parent=543741"}],"wp:term":[{"taxonomy":"category","embeddable":true,"href":"https:\/\/livelycity.com\/switzerland\/wp-json\/wp\/v2\/categories?post=543741"},{"taxonomy":"post_tag","embeddable":true,"href":"https:\/\/livelycity.com\/switzerland\/wp-json\/wp\/v2\/tags?post=543741"}],"curies":[{"name":"wp","href":"https:\/\/api.w.org\/{rel}","templated":true}]}}