{"id":543701,"date":"2026-08-30T11:19:36","date_gmt":"2026-08-30T11:19:36","guid":{"rendered":"https:\/\/livelycity.com\/switzerland\/8-tote-bei-fahrungluck-kapitan-und-besatzung-festgenommen\/"},"modified":"2026-08-30T11:19:36","modified_gmt":"2026-08-30T11:19:36","slug":"8-tote-bei-fahrungluck-kapitan-und-besatzung-festgenommen","status":"publish","type":"post","link":"https:\/\/livelycity.com\/switzerland\/8-tote-bei-fahrungluck-kapitan-und-besatzung-festgenommen\/","title":{"rendered":"8 Tote bei F\u00e4hrungl\u00fcck: Kapit\u00e4n und Besatzung festgenommen"},"content":{"rendered":"<p>Vor der K\u00fcste Nordzyperns ist eine Passagierf\u00e4hre gekentert. Dabei kamen acht Personen ums Leben, 23 weitere werden noch vermisst. \u00dcber 200 konnten bereits gerettet werden.<\/p>\n<p><a href=\"https:\/\/www.20min.ch\/story\/unglueck-vor-zypern-faehre-mit-270-menschen-an-bord-gekentert-103624725\" target=\"_blank\" class=\"\">https:\/\/www.20min.ch\/story\/unglueck-vor-zypern-faehre-mit-270-menschen-an-bord-gekentert-103624725<\/a>\u00a0<\/p>\n","protected":false},"excerpt":{"rendered":"<p>Vor der K\u00fcste Nordzyperns ist eine Passagierf\u00e4hre gekentert. Dabei kamen acht Personen ums Leben, 23 weitere werden noch vermisst. \u00dcber 200 konnten bereits gerettet werden&#8230;.<\/p>\n","protected":false},"author":0,"featured_media":543668,"comment_status":"closed","ping_status":"closed","sticky":false,"template":"","format":"standard","meta":{"_jetpack_memberships_contains_paid_content":false,"footnotes":""},"categories":[3],"tags":[],"class_list":["post-543701","post","type-post","status-publish","format-standard","has-post-thumbnail","hentry","category-20-minuten","wpcat-3-id"],"jetpack_featured_media_url":"https:\/\/livelycity.com\/switzerland\/wp-content\/uploads\/2026\/08\/bedd3cd4-90fe-4140-b6b6-620b411a36e2-W65D37.png","jetpack_sharing_enabled":true,"_links":{"self":[{"href":"https:\/\/livelycity.com\/switzerland\/wp-json\/wp\/v2\/posts\/543701","targetHints":{"allow":["GET"]}}],"collection":[{"href":"https:\/\/livelycity.com\/switzerland\/wp-json\/wp\/v2\/posts"}],"about":[{"href":"https:\/\/livelycity.com\/switzerland\/wp-json\/wp\/v2\/types\/post"}],"replies":[{"embeddable":true,"href":"https:\/\/livelycity.com\/switzerland\/wp-json\/wp\/v2\/comments?post=543701"}],"version-history":[{"count":0,"href":"https:\/\/livelycity.com\/switzerland\/wp-json\/wp\/v2\/posts\/543701\/revisions"}],"wp:featuredmedia":[{"embeddable":true,"href":"https:\/\/livelycity.com\/switzerland\/wp-json\/wp\/v2\/media\/543668"}],"wp:attachment":[{"href":"https:\/\/livelycity.com\/switzerland\/wp-json\/wp\/v2\/media?parent=543701"}],"wp:term":[{"taxonomy":"category","embeddable":true,"href":"https:\/\/livelycity.com\/switzerland\/wp-json\/wp\/v2\/categories?post=543701"},{"taxonomy":"post_tag","embeddable":true,"href":"https:\/\/livelycity.com\/switzerland\/wp-json\/wp\/v2\/tags?post=543701"}],"curies":[{"name":"wp","href":"https:\/\/api.w.org\/{rel}","templated":true}]}}