{"id":543656,"date":"2026-08-30T16:40:05","date_gmt":"2026-08-30T16:40:05","guid":{"rendered":"https:\/\/livelycity.com\/switzerland\/den-young-boys-gelingt-der-saisonstart-dank-ihrer-wuchtigen-offensive-aber-ein-altes-problem-werden-die-berner-fussballer-einfach-nicht-los\/"},"modified":"2026-08-30T16:40:05","modified_gmt":"2026-08-30T16:40:05","slug":"den-young-boys-gelingt-der-saisonstart-dank-ihrer-wuchtigen-offensive-aber-ein-altes-problem-werden-die-berner-fussballer-einfach-nicht-los","status":"publish","type":"post","link":"https:\/\/livelycity.com\/switzerland\/den-young-boys-gelingt-der-saisonstart-dank-ihrer-wuchtigen-offensive-aber-ein-altes-problem-werden-die-berner-fussballer-einfach-nicht-los\/","title":{"rendered":"Den Young Boys gelingt der Saisonstart dank ihrer wuchtigen Offensive. Aber ein altes Problem werden die Berner Fussballer einfach nicht los"},"content":{"rendered":"<p>YB kehrt zu seiner Kernkompetenz zur\u00fcck, offenbart beim spektakul\u00e4ren Spitzenkampf gegen den FC Basel (3:3) aber erneut defensive M\u00e4ngel.<\/p>\n<p><a href=\"https:\/\/www.nzz.ch\/sport\/fussball\/yb-gelingt-der-saisonstart-dank-der-offensive-kaempft-aber-mit-alten-problemen-ld.10021666\" target=\"_blank\" class=\"\">https:\/\/www.nzz.ch\/sport\/fussball\/yb-gelingt-der-saisonstart-dank-der-offensive-kaempft-aber-mit-alten-problemen-ld.10021666<\/a>\u00a0<\/p>\n","protected":false},"excerpt":{"rendered":"<p>YB kehrt zu seiner Kernkompetenz zur\u00fcck, offenbart beim spektakul\u00e4ren Spitzenkampf gegen den FC Basel (3:3) aber erneut defensive M\u00e4ngel. https:\/\/www.nzz.ch\/sport\/fussball\/yb-gelingt-der-saisonstart-dank-der-offensive-kaempft-aber-mit-alten-problemen-ld.10021666\u00a0<\/p>\n","protected":false},"author":0,"featured_media":543657,"comment_status":"closed","ping_status":"closed","sticky":false,"template":"","format":"standard","meta":{"_jetpack_memberships_contains_paid_content":false,"footnotes":""},"categories":[6],"tags":[],"class_list":["post-543656","post","type-post","status-publish","format-standard","has-post-thumbnail","hentry","category-neue-zurcher-zeitung","wpcat-6-id"],"jetpack_featured_media_url":"https:\/\/livelycity.com\/switzerland\/wp-content\/uploads\/2026\/08\/d1442c5f-852a-42d0-802a-3696e7622742-WVoe3g.jpg","jetpack_sharing_enabled":true,"_links":{"self":[{"href":"https:\/\/livelycity.com\/switzerland\/wp-json\/wp\/v2\/posts\/543656","targetHints":{"allow":["GET"]}}],"collection":[{"href":"https:\/\/livelycity.com\/switzerland\/wp-json\/wp\/v2\/posts"}],"about":[{"href":"https:\/\/livelycity.com\/switzerland\/wp-json\/wp\/v2\/types\/post"}],"replies":[{"embeddable":true,"href":"https:\/\/livelycity.com\/switzerland\/wp-json\/wp\/v2\/comments?post=543656"}],"version-history":[{"count":0,"href":"https:\/\/livelycity.com\/switzerland\/wp-json\/wp\/v2\/posts\/543656\/revisions"}],"wp:featuredmedia":[{"embeddable":true,"href":"https:\/\/livelycity.com\/switzerland\/wp-json\/wp\/v2\/media\/543657"}],"wp:attachment":[{"href":"https:\/\/livelycity.com\/switzerland\/wp-json\/wp\/v2\/media?parent=543656"}],"wp:term":[{"taxonomy":"category","embeddable":true,"href":"https:\/\/livelycity.com\/switzerland\/wp-json\/wp\/v2\/categories?post=543656"},{"taxonomy":"post_tag","embeddable":true,"href":"https:\/\/livelycity.com\/switzerland\/wp-json\/wp\/v2\/tags?post=543656"}],"curies":[{"name":"wp","href":"https:\/\/api.w.org\/{rel}","templated":true}]}}