{"id":543579,"date":"2026-08-30T02:49:13","date_gmt":"2026-08-30T02:49:13","guid":{"rendered":"https:\/\/livelycity.com\/switzerland\/mirka-federer-ruhrt-ihren-roger-mit-seltener-rede-zu-tranen\/"},"modified":"2026-08-30T02:49:13","modified_gmt":"2026-08-30T02:49:13","slug":"mirka-federer-ruhrt-ihren-roger-mit-seltener-rede-zu-tranen","status":"publish","type":"post","link":"https:\/\/livelycity.com\/switzerland\/mirka-federer-ruhrt-ihren-roger-mit-seltener-rede-zu-tranen\/","title":{"rendered":"Mirka Federer r\u00fchrt ihren Roger mit seltener Rede zu Tr\u00e4nen"},"content":{"rendered":"<p>Bei der Aufnahme von Roger Federer in die Tennis Hall of Fame h\u00e4lt Mirka Federer die Laudatio auf ihren Ehemann, der emotional ber\u00fchrt reagiert.<\/p>\n<p><a href=\"https:\/\/www.20min.ch\/story\/emotionen-pur-mirka-federer-bringt-ihren-roger-mit-seltener-rede-zum-weinen-103624612\" target=\"_blank\" class=\"\">https:\/\/www.20min.ch\/story\/emotionen-pur-mirka-federer-bringt-ihren-roger-mit-seltener-rede-zum-weinen-103624612<\/a>\u00a0<\/p>\n","protected":false},"excerpt":{"rendered":"<p>Bei der Aufnahme von Roger Federer in die Tennis Hall of Fame h\u00e4lt Mirka Federer die Laudatio auf ihren Ehemann, der emotional ber\u00fchrt reagiert. https:\/\/www.20min.ch\/story\/emotionen-pur-mirka-federer-bringt-ihren-roger-mit-seltener-rede-zum-weinen-103624612\u00a0<\/p>\n","protected":false},"author":0,"featured_media":543469,"comment_status":"closed","ping_status":"closed","sticky":false,"template":"","format":"standard","meta":{"_jetpack_memberships_contains_paid_content":false,"footnotes":""},"categories":[3],"tags":[],"class_list":["post-543579","post","type-post","status-publish","format-standard","has-post-thumbnail","hentry","category-20-minuten","wpcat-3-id"],"jetpack_featured_media_url":"https:\/\/livelycity.com\/switzerland\/wp-content\/uploads\/2026\/08\/8f113749-26bf-4671-bf47-18434cbd4c2b-kK3p9T.png","jetpack_sharing_enabled":true,"_links":{"self":[{"href":"https:\/\/livelycity.com\/switzerland\/wp-json\/wp\/v2\/posts\/543579","targetHints":{"allow":["GET"]}}],"collection":[{"href":"https:\/\/livelycity.com\/switzerland\/wp-json\/wp\/v2\/posts"}],"about":[{"href":"https:\/\/livelycity.com\/switzerland\/wp-json\/wp\/v2\/types\/post"}],"replies":[{"embeddable":true,"href":"https:\/\/livelycity.com\/switzerland\/wp-json\/wp\/v2\/comments?post=543579"}],"version-history":[{"count":0,"href":"https:\/\/livelycity.com\/switzerland\/wp-json\/wp\/v2\/posts\/543579\/revisions"}],"wp:featuredmedia":[{"embeddable":true,"href":"https:\/\/livelycity.com\/switzerland\/wp-json\/wp\/v2\/media\/543469"}],"wp:attachment":[{"href":"https:\/\/livelycity.com\/switzerland\/wp-json\/wp\/v2\/media?parent=543579"}],"wp:term":[{"taxonomy":"category","embeddable":true,"href":"https:\/\/livelycity.com\/switzerland\/wp-json\/wp\/v2\/categories?post=543579"},{"taxonomy":"post_tag","embeddable":true,"href":"https:\/\/livelycity.com\/switzerland\/wp-json\/wp\/v2\/tags?post=543579"}],"curies":[{"name":"wp","href":"https:\/\/api.w.org\/{rel}","templated":true}]}}