{"id":543552,"date":"2026-08-30T12:55:38","date_gmt":"2026-08-30T12:55:38","guid":{"rendered":"https:\/\/livelycity.com\/switzerland\/sina-frei-ist-weltmeisterin-die-zurcherin-kront-ihre-mountainbike-karriere\/"},"modified":"2026-08-30T12:55:38","modified_gmt":"2026-08-30T12:55:38","slug":"sina-frei-ist-weltmeisterin-die-zurcherin-kront-ihre-mountainbike-karriere","status":"publish","type":"post","link":"https:\/\/livelycity.com\/switzerland\/sina-frei-ist-weltmeisterin-die-zurcherin-kront-ihre-mountainbike-karriere\/","title":{"rendered":"Sina Frei ist Weltmeisterin \u2013 die Z\u00fcrcherin kr\u00f6nt ihre Mountainbike-Karriere"},"content":{"rendered":"<p>Die 29-J\u00e4hrige dominiert das Cross-Country-Rennen an den Weltmeisterschaften in Val di Sole. Dritte wird mit Nicole Koller eine weitere Schweizerin.<\/p>\n<p><a href=\"https:\/\/www.nzz.ch\/sport\/rad\/mountainbike-sina-frei-ist-weltmeisterin-nicole-koller-wird-dritte-ld.10021645\" target=\"_blank\" class=\"\">https:\/\/www.nzz.ch\/sport\/rad\/mountainbike-sina-frei-ist-weltmeisterin-nicole-koller-wird-dritte-ld.10021645<\/a>\u00a0<\/p>\n","protected":false},"excerpt":{"rendered":"<p>Die 29-J\u00e4hrige dominiert das Cross-Country-Rennen an den Weltmeisterschaften in Val di Sole. Dritte wird mit Nicole Koller eine weitere Schweizerin. https:\/\/www.nzz.ch\/sport\/rad\/mountainbike-sina-frei-ist-weltmeisterin-nicole-koller-wird-dritte-ld.10021645\u00a0<\/p>\n","protected":false},"author":0,"featured_media":543553,"comment_status":"closed","ping_status":"closed","sticky":false,"template":"","format":"standard","meta":{"_jetpack_memberships_contains_paid_content":false,"footnotes":""},"categories":[6],"tags":[],"class_list":["post-543552","post","type-post","status-publish","format-standard","has-post-thumbnail","hentry","category-neue-zurcher-zeitung","wpcat-6-id"],"jetpack_featured_media_url":"https:\/\/livelycity.com\/switzerland\/wp-content\/uploads\/2026\/08\/6daad845-cf82-4962-b68a-b134693b3f1a-oRSZll.jpg","jetpack_sharing_enabled":true,"_links":{"self":[{"href":"https:\/\/livelycity.com\/switzerland\/wp-json\/wp\/v2\/posts\/543552","targetHints":{"allow":["GET"]}}],"collection":[{"href":"https:\/\/livelycity.com\/switzerland\/wp-json\/wp\/v2\/posts"}],"about":[{"href":"https:\/\/livelycity.com\/switzerland\/wp-json\/wp\/v2\/types\/post"}],"replies":[{"embeddable":true,"href":"https:\/\/livelycity.com\/switzerland\/wp-json\/wp\/v2\/comments?post=543552"}],"version-history":[{"count":0,"href":"https:\/\/livelycity.com\/switzerland\/wp-json\/wp\/v2\/posts\/543552\/revisions"}],"wp:featuredmedia":[{"embeddable":true,"href":"https:\/\/livelycity.com\/switzerland\/wp-json\/wp\/v2\/media\/543553"}],"wp:attachment":[{"href":"https:\/\/livelycity.com\/switzerland\/wp-json\/wp\/v2\/media?parent=543552"}],"wp:term":[{"taxonomy":"category","embeddable":true,"href":"https:\/\/livelycity.com\/switzerland\/wp-json\/wp\/v2\/categories?post=543552"},{"taxonomy":"post_tag","embeddable":true,"href":"https:\/\/livelycity.com\/switzerland\/wp-json\/wp\/v2\/tags?post=543552"}],"curies":[{"name":"wp","href":"https:\/\/api.w.org\/{rel}","templated":true}]}}