{"id":543522,"date":"2026-08-30T07:58:18","date_gmt":"2026-08-30T07:58:18","guid":{"rendered":"https:\/\/livelycity.com\/switzerland\/afd-vorn-vorstellung-amateure-kamen-an-die-macht-ist-falsch\/"},"modified":"2026-08-30T07:58:18","modified_gmt":"2026-08-30T07:58:18","slug":"afd-vorn-vorstellung-amateure-kamen-an-die-macht-ist-falsch","status":"publish","type":"post","link":"https:\/\/livelycity.com\/switzerland\/afd-vorn-vorstellung-amateure-kamen-an-die-macht-ist-falsch\/","title":{"rendered":"AfD vorn: \u00abVorstellung, Amateure k\u00e4men an die Macht, ist falsch\u00bb"},"content":{"rendered":"<p>In Sachsen-Anhalt k\u00f6nnte die AfD erstmals einen Ministerpr\u00e4sidenten stellen. Ob es so weit kommt, h\u00e4ngt aber auch vom Abschneiden kleiner Parteien ab. Politologe Marcel Lewandowsky ordnet die m\u00f6glichen Szenarien ein.<\/p>\n<p><a href=\"https:\/\/www.20min.ch\/story\/wahlen-in-sachsen-anhalt-afd-vorn-vorstellung-amateure-kaemen-an-die-macht-ist-falsch-103624094\" target=\"_blank\" class=\"\">https:\/\/www.20min.ch\/story\/wahlen-in-sachsen-anhalt-afd-vorn-vorstellung-amateure-kaemen-an-die-macht-ist-falsch-103624094<\/a>\u00a0<\/p>\n","protected":false},"excerpt":{"rendered":"<p>In Sachsen-Anhalt k\u00f6nnte die AfD erstmals einen Ministerpr\u00e4sidenten stellen. Ob es so weit kommt, h\u00e4ngt aber auch vom Abschneiden kleiner Parteien ab. Politologe Marcel Lewandowsky&#8230;<\/p>\n","protected":false},"author":0,"featured_media":543434,"comment_status":"closed","ping_status":"closed","sticky":false,"template":"","format":"standard","meta":{"_jetpack_memberships_contains_paid_content":false,"footnotes":""},"categories":[3],"tags":[],"class_list":["post-543522","post","type-post","status-publish","format-standard","has-post-thumbnail","hentry","category-20-minuten","wpcat-3-id"],"jetpack_featured_media_url":"https:\/\/livelycity.com\/switzerland\/wp-content\/uploads\/2026\/08\/fea4ccdf-b192-46f3-891f-2e3d205a71a3-m3PhDv-scaled.jpg","jetpack_sharing_enabled":true,"_links":{"self":[{"href":"https:\/\/livelycity.com\/switzerland\/wp-json\/wp\/v2\/posts\/543522","targetHints":{"allow":["GET"]}}],"collection":[{"href":"https:\/\/livelycity.com\/switzerland\/wp-json\/wp\/v2\/posts"}],"about":[{"href":"https:\/\/livelycity.com\/switzerland\/wp-json\/wp\/v2\/types\/post"}],"replies":[{"embeddable":true,"href":"https:\/\/livelycity.com\/switzerland\/wp-json\/wp\/v2\/comments?post=543522"}],"version-history":[{"count":0,"href":"https:\/\/livelycity.com\/switzerland\/wp-json\/wp\/v2\/posts\/543522\/revisions"}],"wp:featuredmedia":[{"embeddable":true,"href":"https:\/\/livelycity.com\/switzerland\/wp-json\/wp\/v2\/media\/543434"}],"wp:attachment":[{"href":"https:\/\/livelycity.com\/switzerland\/wp-json\/wp\/v2\/media?parent=543522"}],"wp:term":[{"taxonomy":"category","embeddable":true,"href":"https:\/\/livelycity.com\/switzerland\/wp-json\/wp\/v2\/categories?post=543522"},{"taxonomy":"post_tag","embeddable":true,"href":"https:\/\/livelycity.com\/switzerland\/wp-json\/wp\/v2\/tags?post=543522"}],"curies":[{"name":"wp","href":"https:\/\/api.w.org\/{rel}","templated":true}]}}