{"id":543429,"date":"2026-08-30T07:13:03","date_gmt":"2026-08-30T07:13:03","guid":{"rendered":"https:\/\/livelycity.com\/switzerland\/pistorius-und-ozdemir-fordern-ein-afd-verbotsverfahren-dabei-denken-sie-zunachst-an-ihre-eigene-karriere\/"},"modified":"2026-08-30T07:13:03","modified_gmt":"2026-08-30T07:13:03","slug":"pistorius-und-ozdemir-fordern-ein-afd-verbotsverfahren-dabei-denken-sie-zunachst-an-ihre-eigene-karriere","status":"publish","type":"post","link":"https:\/\/livelycity.com\/switzerland\/pistorius-und-ozdemir-fordern-ein-afd-verbotsverfahren-dabei-denken-sie-zunachst-an-ihre-eigene-karriere\/","title":{"rendered":"Pistorius und \u00d6zdemir fordern ein AfD-Verbotsverfahren: Dabei denken sie zun\u00e4chst an ihre eigene Karriere"},"content":{"rendered":"<p>Der deutsche SPD-Verteidigungsminister und der gr\u00fcne Ministerpr\u00e4sident aus Baden-W\u00fcrttemberg wollen einzelne \u00abv\u00f6lkische\u00bb Landesverb\u00e4nde der Rechtspartei verbieten lassen. Damit bringen sie sich als Spitzenkandidaten ihrer Parteien f\u00fcr die n\u00e4chste Wahl in Stellung.<\/p>\n<p><a href=\"https:\/\/www.nzz.ch\/meinung\/pistorius-und-oezdemir-fordern-ein-afd-verbotsverfahren-dabei-denken-sie-zunaechst-an-ihre-eigene-karriere-ld.10021603\" target=\"_blank\" class=\"\">https:\/\/www.nzz.ch\/meinung\/pistorius-und-oezdemir-fordern-ein-afd-verbotsverfahren-dabei-denken-sie-zunaechst-an-ihre-eigene-karriere-ld.10021603<\/a>\u00a0<\/p>\n","protected":false},"excerpt":{"rendered":"<p>Der deutsche SPD-Verteidigungsminister und der gr\u00fcne Ministerpr\u00e4sident aus Baden-W\u00fcrttemberg wollen einzelne \u00abv\u00f6lkische\u00bb Landesverb\u00e4nde der Rechtspartei verbieten lassen. Damit bringen sie sich als Spitzenkandidaten ihrer Parteien&#8230;<\/p>\n","protected":false},"author":0,"featured_media":543430,"comment_status":"closed","ping_status":"closed","sticky":false,"template":"","format":"standard","meta":{"_jetpack_memberships_contains_paid_content":false,"footnotes":""},"categories":[6],"tags":[],"class_list":["post-543429","post","type-post","status-publish","format-standard","has-post-thumbnail","hentry","category-neue-zurcher-zeitung","wpcat-6-id"],"jetpack_featured_media_url":"https:\/\/livelycity.com\/switzerland\/wp-content\/uploads\/2026\/08\/e850fcca-7182-4ef8-8f19-da4375b1c89a-LfVxkx.jpg","jetpack_sharing_enabled":true,"_links":{"self":[{"href":"https:\/\/livelycity.com\/switzerland\/wp-json\/wp\/v2\/posts\/543429","targetHints":{"allow":["GET"]}}],"collection":[{"href":"https:\/\/livelycity.com\/switzerland\/wp-json\/wp\/v2\/posts"}],"about":[{"href":"https:\/\/livelycity.com\/switzerland\/wp-json\/wp\/v2\/types\/post"}],"replies":[{"embeddable":true,"href":"https:\/\/livelycity.com\/switzerland\/wp-json\/wp\/v2\/comments?post=543429"}],"version-history":[{"count":0,"href":"https:\/\/livelycity.com\/switzerland\/wp-json\/wp\/v2\/posts\/543429\/revisions"}],"wp:featuredmedia":[{"embeddable":true,"href":"https:\/\/livelycity.com\/switzerland\/wp-json\/wp\/v2\/media\/543430"}],"wp:attachment":[{"href":"https:\/\/livelycity.com\/switzerland\/wp-json\/wp\/v2\/media?parent=543429"}],"wp:term":[{"taxonomy":"category","embeddable":true,"href":"https:\/\/livelycity.com\/switzerland\/wp-json\/wp\/v2\/categories?post=543429"},{"taxonomy":"post_tag","embeddable":true,"href":"https:\/\/livelycity.com\/switzerland\/wp-json\/wp\/v2\/tags?post=543429"}],"curies":[{"name":"wp","href":"https:\/\/api.w.org\/{rel}","templated":true}]}}