{"id":543422,"date":"2026-08-30T03:00:42","date_gmt":"2026-08-30T03:00:42","guid":{"rendered":"https:\/\/livelycity.com\/switzerland\/schweizer-wollen-mehr-klimaanlagen-und-hitzefrei\/"},"modified":"2026-08-30T03:00:42","modified_gmt":"2026-08-30T03:00:42","slug":"schweizer-wollen-mehr-klimaanlagen-und-hitzefrei","status":"publish","type":"post","link":"https:\/\/livelycity.com\/switzerland\/schweizer-wollen-mehr-klimaanlagen-und-hitzefrei\/","title":{"rendered":"Schweizer wollen mehr Klimaanlagen\u00a0\u2013 und Hitzefrei"},"content":{"rendered":"<p>Eine Umfrage von 20 Minuten und Tamedia zum Hitzesommer 2026 zeigt: Nicht nur Klimaanlagen erhalten grossen Zuspruch, sondern auch Hitzefrei f\u00fcr Sch\u00fclerinnen und Sch\u00fcler sowie Bauarbeiter.<\/p>\n<p><a href=\"https:\/\/www.20min.ch\/story\/nach-hitzesommer-schweizer-wollen-mehr-klimaanlagen-und-hitzefrei-103622756\" target=\"_blank\" class=\"\">https:\/\/www.20min.ch\/story\/nach-hitzesommer-schweizer-wollen-mehr-klimaanlagen-und-hitzefrei-103622756<\/a>\u00a0<\/p>\n","protected":false},"excerpt":{"rendered":"<p>Eine Umfrage von 20 Minuten und Tamedia zum Hitzesommer 2026 zeigt: Nicht nur Klimaanlagen erhalten grossen Zuspruch, sondern auch Hitzefrei f\u00fcr Sch\u00fclerinnen und Sch\u00fcler sowie&#8230;<\/p>\n","protected":false},"author":0,"featured_media":543283,"comment_status":"closed","ping_status":"closed","sticky":false,"template":"","format":"standard","meta":{"_jetpack_memberships_contains_paid_content":false,"footnotes":""},"categories":[3],"tags":[],"class_list":["post-543422","post","type-post","status-publish","format-standard","has-post-thumbnail","hentry","category-20-minuten","wpcat-3-id"],"jetpack_featured_media_url":"https:\/\/livelycity.com\/switzerland\/wp-content\/uploads\/2026\/08\/86480476-0d2a-4753-b78e-492ea9a932bc-XiIn8K-scaled.jpg","jetpack_sharing_enabled":true,"_links":{"self":[{"href":"https:\/\/livelycity.com\/switzerland\/wp-json\/wp\/v2\/posts\/543422","targetHints":{"allow":["GET"]}}],"collection":[{"href":"https:\/\/livelycity.com\/switzerland\/wp-json\/wp\/v2\/posts"}],"about":[{"href":"https:\/\/livelycity.com\/switzerland\/wp-json\/wp\/v2\/types\/post"}],"replies":[{"embeddable":true,"href":"https:\/\/livelycity.com\/switzerland\/wp-json\/wp\/v2\/comments?post=543422"}],"version-history":[{"count":0,"href":"https:\/\/livelycity.com\/switzerland\/wp-json\/wp\/v2\/posts\/543422\/revisions"}],"wp:featuredmedia":[{"embeddable":true,"href":"https:\/\/livelycity.com\/switzerland\/wp-json\/wp\/v2\/media\/543283"}],"wp:attachment":[{"href":"https:\/\/livelycity.com\/switzerland\/wp-json\/wp\/v2\/media?parent=543422"}],"wp:term":[{"taxonomy":"category","embeddable":true,"href":"https:\/\/livelycity.com\/switzerland\/wp-json\/wp\/v2\/categories?post=543422"},{"taxonomy":"post_tag","embeddable":true,"href":"https:\/\/livelycity.com\/switzerland\/wp-json\/wp\/v2\/tags?post=543422"}],"curies":[{"name":"wp","href":"https:\/\/api.w.org\/{rel}","templated":true}]}}