{"id":543380,"date":"2026-08-30T03:10:26","date_gmt":"2026-08-30T03:10:26","guid":{"rendered":"https:\/\/livelycity.com\/switzerland\/36-jahrige-zurcherin-im-luganersee-vermisst\/"},"modified":"2026-08-30T03:10:26","modified_gmt":"2026-08-30T03:10:26","slug":"36-jahrige-zurcherin-im-luganersee-vermisst","status":"publish","type":"post","link":"https:\/\/livelycity.com\/switzerland\/36-jahrige-zurcherin-im-luganersee-vermisst\/","title":{"rendered":"36-j\u00e4hrige Z\u00fcrcherin im Luganersee vermisst"},"content":{"rendered":"<p>Eine 36-j\u00e4hrige Schweizerin ist am Samstagabend beim Schwimmen im Luganersee verschwunden. Sie war zuvor auf einem Boot unterwgs. Die Suche blieb bislang erfolglos.<\/p>\n<p><a href=\"https:\/\/www.20min.ch\/story\/badeunfall-36-jaehrige-zuercherin-im-luganersee-vermisst-103624616\" target=\"_blank\" class=\"\">https:\/\/www.20min.ch\/story\/badeunfall-36-jaehrige-zuercherin-im-luganersee-vermisst-103624616<\/a>\u00a0<\/p>\n","protected":false},"excerpt":{"rendered":"<p>Eine 36-j\u00e4hrige Schweizerin ist am Samstagabend beim Schwimmen im Luganersee verschwunden. Sie war zuvor auf einem Boot unterwgs. Die Suche blieb bislang erfolglos. https:\/\/www.20min.ch\/story\/badeunfall-36-jaehrige-zuercherin-im-luganersee-vermisst-103624616\u00a0<\/p>\n","protected":false},"author":0,"featured_media":543295,"comment_status":"closed","ping_status":"closed","sticky":false,"template":"","format":"standard","meta":{"_jetpack_memberships_contains_paid_content":false,"footnotes":""},"categories":[3],"tags":[],"class_list":["post-543380","post","type-post","status-publish","format-standard","has-post-thumbnail","hentry","category-20-minuten","wpcat-3-id"],"jetpack_featured_media_url":"https:\/\/livelycity.com\/switzerland\/wp-content\/uploads\/2026\/08\/97bc7a7a-8c78-4784-a968-b6de7c860e3d-dzR5oZ.jpg","jetpack_sharing_enabled":true,"_links":{"self":[{"href":"https:\/\/livelycity.com\/switzerland\/wp-json\/wp\/v2\/posts\/543380","targetHints":{"allow":["GET"]}}],"collection":[{"href":"https:\/\/livelycity.com\/switzerland\/wp-json\/wp\/v2\/posts"}],"about":[{"href":"https:\/\/livelycity.com\/switzerland\/wp-json\/wp\/v2\/types\/post"}],"replies":[{"embeddable":true,"href":"https:\/\/livelycity.com\/switzerland\/wp-json\/wp\/v2\/comments?post=543380"}],"version-history":[{"count":0,"href":"https:\/\/livelycity.com\/switzerland\/wp-json\/wp\/v2\/posts\/543380\/revisions"}],"wp:featuredmedia":[{"embeddable":true,"href":"https:\/\/livelycity.com\/switzerland\/wp-json\/wp\/v2\/media\/543295"}],"wp:attachment":[{"href":"https:\/\/livelycity.com\/switzerland\/wp-json\/wp\/v2\/media?parent=543380"}],"wp:term":[{"taxonomy":"category","embeddable":true,"href":"https:\/\/livelycity.com\/switzerland\/wp-json\/wp\/v2\/categories?post=543380"},{"taxonomy":"post_tag","embeddable":true,"href":"https:\/\/livelycity.com\/switzerland\/wp-json\/wp\/v2\/tags?post=543380"}],"curies":[{"name":"wp","href":"https:\/\/api.w.org\/{rel}","templated":true}]}}