{"id":543125,"date":"2026-08-29T19:56:09","date_gmt":"2026-08-29T19:56:09","guid":{"rendered":"https:\/\/livelycity.com\/switzerland\/ein-wiener-an-der-sbb-spitze-die-bundesbahnen-konnten-im-jubilaumsjahr-ein-novum-erleben\/"},"modified":"2026-08-29T19:56:09","modified_gmt":"2026-08-29T19:56:09","slug":"ein-wiener-an-der-sbb-spitze-die-bundesbahnen-konnten-im-jubilaumsjahr-ein-novum-erleben","status":"publish","type":"post","link":"https:\/\/livelycity.com\/switzerland\/ein-wiener-an-der-sbb-spitze-die-bundesbahnen-konnten-im-jubilaumsjahr-ein-novum-erleben\/","title":{"rendered":"Ein Wiener an der SBB-Spitze? Die Bundesbahnen k\u00f6nnten im Jubil\u00e4umsjahr ein Novum erleben"},"content":{"rendered":"<p>Alexander Muhm, derzeit Leiter von SBB Cargo, gilt unter Bahnexperten als f\u00e4higster Kandidat f\u00fcr die Nachfolge des CEO Vincent Ducrot. Sein Manko: Er stammt aus \u00d6sterreich.<\/p>\n<p><a href=\"https:\/\/www.nzz.ch\/wirtschaft\/ein-oesterreicher-an-der-sbb-spitze-die-bundesbahnen-koennten-im-jubilaeumsjahr-ein-novum-erleben-ld.10020109\" target=\"_blank\" class=\"\">https:\/\/www.nzz.ch\/wirtschaft\/ein-oesterreicher-an-der-sbb-spitze-die-bundesbahnen-koennten-im-jubilaeumsjahr-ein-novum-erleben-ld.10020109<\/a>\u00a0<\/p>\n","protected":false},"excerpt":{"rendered":"<p>Alexander Muhm, derzeit Leiter von SBB Cargo, gilt unter Bahnexperten als f\u00e4higster Kandidat f\u00fcr die Nachfolge des CEO Vincent Ducrot. Sein Manko: Er stammt aus&#8230;<\/p>\n","protected":false},"author":0,"featured_media":543126,"comment_status":"closed","ping_status":"closed","sticky":false,"template":"","format":"standard","meta":{"_jetpack_memberships_contains_paid_content":false,"footnotes":""},"categories":[6],"tags":[],"class_list":["post-543125","post","type-post","status-publish","format-standard","has-post-thumbnail","hentry","category-neue-zurcher-zeitung","wpcat-6-id"],"jetpack_featured_media_url":"https:\/\/livelycity.com\/switzerland\/wp-content\/uploads\/2026\/08\/255d5ecc-03ae-4621-80e7-63507018d49b-MYQfc4.jpg","jetpack_sharing_enabled":true,"_links":{"self":[{"href":"https:\/\/livelycity.com\/switzerland\/wp-json\/wp\/v2\/posts\/543125","targetHints":{"allow":["GET"]}}],"collection":[{"href":"https:\/\/livelycity.com\/switzerland\/wp-json\/wp\/v2\/posts"}],"about":[{"href":"https:\/\/livelycity.com\/switzerland\/wp-json\/wp\/v2\/types\/post"}],"replies":[{"embeddable":true,"href":"https:\/\/livelycity.com\/switzerland\/wp-json\/wp\/v2\/comments?post=543125"}],"version-history":[{"count":0,"href":"https:\/\/livelycity.com\/switzerland\/wp-json\/wp\/v2\/posts\/543125\/revisions"}],"wp:featuredmedia":[{"embeddable":true,"href":"https:\/\/livelycity.com\/switzerland\/wp-json\/wp\/v2\/media\/543126"}],"wp:attachment":[{"href":"https:\/\/livelycity.com\/switzerland\/wp-json\/wp\/v2\/media?parent=543125"}],"wp:term":[{"taxonomy":"category","embeddable":true,"href":"https:\/\/livelycity.com\/switzerland\/wp-json\/wp\/v2\/categories?post=543125"},{"taxonomy":"post_tag","embeddable":true,"href":"https:\/\/livelycity.com\/switzerland\/wp-json\/wp\/v2\/tags?post=543125"}],"curies":[{"name":"wp","href":"https:\/\/api.w.org\/{rel}","templated":true}]}}