{"id":543053,"date":"2026-08-29T12:28:29","date_gmt":"2026-08-29T12:28:29","guid":{"rendered":"https:\/\/livelycity.com\/switzerland\/sexismus-zoff-am-oktoberfest-munchen-zensuriert-frauenfiguren\/"},"modified":"2026-08-29T12:28:29","modified_gmt":"2026-08-29T12:28:29","slug":"sexismus-zoff-am-oktoberfest-munchen-zensuriert-frauenfiguren","status":"publish","type":"post","link":"https:\/\/livelycity.com\/switzerland\/sexismus-zoff-am-oktoberfest-munchen-zensuriert-frauenfiguren\/","title":{"rendered":"Sexismus-Zoff am Oktoberfest: M\u00fcnchen zensuriert Frauenfiguren"},"content":{"rendered":"<p>Die Stadt M\u00fcnchen fand die Figuren am Teufelsrad zu freiz\u00fcgig \u2013 jetzt tragen drei der vier Figuren Blusen statt Ausschnitt.<\/p>\n<p><a href=\"https:\/\/www.20min.ch\/story\/prosit-der-pruederei-sexismus-zoff-am-oktoberfest-muenchen-zensuriert-frauenfiguren-103624317\" target=\"_blank\" class=\"\">https:\/\/www.20min.ch\/story\/prosit-der-pruederei-sexismus-zoff-am-oktoberfest-muenchen-zensuriert-frauenfiguren-103624317<\/a>\u00a0<\/p>\n","protected":false},"excerpt":{"rendered":"<p>Die Stadt M\u00fcnchen fand die Figuren am Teufelsrad zu freiz\u00fcgig \u2013 jetzt tragen drei der vier Figuren Blusen statt Ausschnitt. https:\/\/www.20min.ch\/story\/prosit-der-pruederei-sexismus-zoff-am-oktoberfest-muenchen-zensuriert-frauenfiguren-103624317\u00a0<\/p>\n","protected":false},"author":0,"featured_media":542948,"comment_status":"closed","ping_status":"closed","sticky":false,"template":"","format":"standard","meta":{"_jetpack_memberships_contains_paid_content":false,"footnotes":""},"categories":[3],"tags":[],"class_list":["post-543053","post","type-post","status-publish","format-standard","has-post-thumbnail","hentry","category-20-minuten","wpcat-3-id"],"jetpack_featured_media_url":"https:\/\/livelycity.com\/switzerland\/wp-content\/uploads\/2026\/08\/19e129dc-c74f-4090-8a45-b98dafef821e-UAfbwN-scaled.jpg","jetpack_sharing_enabled":true,"_links":{"self":[{"href":"https:\/\/livelycity.com\/switzerland\/wp-json\/wp\/v2\/posts\/543053","targetHints":{"allow":["GET"]}}],"collection":[{"href":"https:\/\/livelycity.com\/switzerland\/wp-json\/wp\/v2\/posts"}],"about":[{"href":"https:\/\/livelycity.com\/switzerland\/wp-json\/wp\/v2\/types\/post"}],"replies":[{"embeddable":true,"href":"https:\/\/livelycity.com\/switzerland\/wp-json\/wp\/v2\/comments?post=543053"}],"version-history":[{"count":0,"href":"https:\/\/livelycity.com\/switzerland\/wp-json\/wp\/v2\/posts\/543053\/revisions"}],"wp:featuredmedia":[{"embeddable":true,"href":"https:\/\/livelycity.com\/switzerland\/wp-json\/wp\/v2\/media\/542948"}],"wp:attachment":[{"href":"https:\/\/livelycity.com\/switzerland\/wp-json\/wp\/v2\/media?parent=543053"}],"wp:term":[{"taxonomy":"category","embeddable":true,"href":"https:\/\/livelycity.com\/switzerland\/wp-json\/wp\/v2\/categories?post=543053"},{"taxonomy":"post_tag","embeddable":true,"href":"https:\/\/livelycity.com\/switzerland\/wp-json\/wp\/v2\/tags?post=543053"}],"curies":[{"name":"wp","href":"https:\/\/api.w.org\/{rel}","templated":true}]}}