{"id":542992,"date":"2026-08-29T08:55:58","date_gmt":"2026-08-29T08:55:58","guid":{"rendered":"https:\/\/livelycity.com\/switzerland\/norwegen-versinkt-in-trauer-so-geht-es-nach-haralds-tod-weiter\/"},"modified":"2026-08-29T08:55:58","modified_gmt":"2026-08-29T08:55:58","slug":"norwegen-versinkt-in-trauer-so-geht-es-nach-haralds-tod-weiter","status":"publish","type":"post","link":"https:\/\/livelycity.com\/switzerland\/norwegen-versinkt-in-trauer-so-geht-es-nach-haralds-tod-weiter\/","title":{"rendered":"Norwegen versinkt in Trauer: So geht es nach Haralds Tod weiter"},"content":{"rendered":"<p>K\u00f6nig Harald V. ist im Alter von 89 Jahren gestorben. Sein Sarg wird in den kommenden Tagen \u00f6ffentlich zug\u00e4nglich gemacht. F\u00fcr Sohn Haakon stehen bereits die ersten Termine als K\u00f6nig an.<\/p>\n<p><a href=\"https:\/\/www.20min.ch\/story\/tod-des-monarchens-norwegen-versinkt-in-trauer-so-geht-es-nach-haralds-tod-weiter-103624262\" target=\"_blank\" class=\"\">https:\/\/www.20min.ch\/story\/tod-des-monarchens-norwegen-versinkt-in-trauer-so-geht-es-nach-haralds-tod-weiter-103624262<\/a>\u00a0<\/p>\n","protected":false},"excerpt":{"rendered":"<p>K\u00f6nig Harald V. ist im Alter von 89 Jahren gestorben. Sein Sarg wird in den kommenden Tagen \u00f6ffentlich zug\u00e4nglich gemacht. F\u00fcr Sohn Haakon stehen bereits&#8230;<\/p>\n","protected":false},"author":0,"featured_media":542839,"comment_status":"closed","ping_status":"closed","sticky":false,"template":"","format":"standard","meta":{"_jetpack_memberships_contains_paid_content":false,"footnotes":""},"categories":[3],"tags":[],"class_list":["post-542992","post","type-post","status-publish","format-standard","has-post-thumbnail","hentry","category-20-minuten","wpcat-3-id"],"jetpack_featured_media_url":"https:\/\/livelycity.com\/switzerland\/wp-content\/uploads\/2026\/08\/305a3308-f5b8-4873-99c2-88e7cd57fb95-NgN0QW-scaled.jpg","jetpack_sharing_enabled":true,"_links":{"self":[{"href":"https:\/\/livelycity.com\/switzerland\/wp-json\/wp\/v2\/posts\/542992","targetHints":{"allow":["GET"]}}],"collection":[{"href":"https:\/\/livelycity.com\/switzerland\/wp-json\/wp\/v2\/posts"}],"about":[{"href":"https:\/\/livelycity.com\/switzerland\/wp-json\/wp\/v2\/types\/post"}],"replies":[{"embeddable":true,"href":"https:\/\/livelycity.com\/switzerland\/wp-json\/wp\/v2\/comments?post=542992"}],"version-history":[{"count":0,"href":"https:\/\/livelycity.com\/switzerland\/wp-json\/wp\/v2\/posts\/542992\/revisions"}],"wp:featuredmedia":[{"embeddable":true,"href":"https:\/\/livelycity.com\/switzerland\/wp-json\/wp\/v2\/media\/542839"}],"wp:attachment":[{"href":"https:\/\/livelycity.com\/switzerland\/wp-json\/wp\/v2\/media?parent=542992"}],"wp:term":[{"taxonomy":"category","embeddable":true,"href":"https:\/\/livelycity.com\/switzerland\/wp-json\/wp\/v2\/categories?post=542992"},{"taxonomy":"post_tag","embeddable":true,"href":"https:\/\/livelycity.com\/switzerland\/wp-json\/wp\/v2\/tags?post=542992"}],"curies":[{"name":"wp","href":"https:\/\/api.w.org\/{rel}","templated":true}]}}