{"id":542990,"date":"2026-08-29T11:43:54","date_gmt":"2026-08-29T11:43:54","guid":{"rendered":"https:\/\/livelycity.com\/switzerland\/show-mit-patrouille-suisse-sorgt-fur-lange-schlangen-und-chaos\/"},"modified":"2026-08-29T11:43:54","modified_gmt":"2026-08-29T11:43:54","slug":"show-mit-patrouille-suisse-sorgt-fur-lange-schlangen-und-chaos","status":"publish","type":"post","link":"https:\/\/livelycity.com\/switzerland\/show-mit-patrouille-suisse-sorgt-fur-lange-schlangen-und-chaos\/","title":{"rendered":"Show mit Patrouille Suisse sorgt f\u00fcr lange Schlangen und Chaos"},"content":{"rendered":"<p>Rund um den Flugplatz Altenrhein staut sich am Samstag der Verkehr. Auch die Shuttlebusse kommen kaum durch. Die Parkpl\u00e4tze f\u00fcr die Jubil\u00e4ums-Airshow sind seit Tagen ausverkauft.<\/p>\n<p><a href=\"https:\/\/www.20min.ch\/story\/altenrhein-jubilaeum-show-mit-patrouille-suisse-sorgt-fuer-lange-schlangen-und-chaos-103624301\" target=\"_blank\" class=\"\">https:\/\/www.20min.ch\/story\/altenrhein-jubilaeum-show-mit-patrouille-suisse-sorgt-fuer-lange-schlangen-und-chaos-103624301<\/a>\u00a0<\/p>\n","protected":false},"excerpt":{"rendered":"<p>Rund um den Flugplatz Altenrhein staut sich am Samstag der Verkehr. Auch die Shuttlebusse kommen kaum durch. Die Parkpl\u00e4tze f\u00fcr die Jubil\u00e4ums-Airshow sind seit Tagen&#8230;<\/p>\n","protected":false},"author":0,"featured_media":542921,"comment_status":"closed","ping_status":"closed","sticky":false,"template":"","format":"standard","meta":{"_jetpack_memberships_contains_paid_content":false,"footnotes":""},"categories":[3],"tags":[],"class_list":["post-542990","post","type-post","status-publish","format-standard","has-post-thumbnail","hentry","category-20-minuten","wpcat-3-id"],"jetpack_featured_media_url":"https:\/\/livelycity.com\/switzerland\/wp-content\/uploads\/2026\/08\/4cfefebd-d94a-4297-8ebe-8ee72c5e12ad-y23xqt.png","jetpack_sharing_enabled":true,"_links":{"self":[{"href":"https:\/\/livelycity.com\/switzerland\/wp-json\/wp\/v2\/posts\/542990","targetHints":{"allow":["GET"]}}],"collection":[{"href":"https:\/\/livelycity.com\/switzerland\/wp-json\/wp\/v2\/posts"}],"about":[{"href":"https:\/\/livelycity.com\/switzerland\/wp-json\/wp\/v2\/types\/post"}],"replies":[{"embeddable":true,"href":"https:\/\/livelycity.com\/switzerland\/wp-json\/wp\/v2\/comments?post=542990"}],"version-history":[{"count":0,"href":"https:\/\/livelycity.com\/switzerland\/wp-json\/wp\/v2\/posts\/542990\/revisions"}],"wp:featuredmedia":[{"embeddable":true,"href":"https:\/\/livelycity.com\/switzerland\/wp-json\/wp\/v2\/media\/542921"}],"wp:attachment":[{"href":"https:\/\/livelycity.com\/switzerland\/wp-json\/wp\/v2\/media?parent=542990"}],"wp:term":[{"taxonomy":"category","embeddable":true,"href":"https:\/\/livelycity.com\/switzerland\/wp-json\/wp\/v2\/categories?post=542990"},{"taxonomy":"post_tag","embeddable":true,"href":"https:\/\/livelycity.com\/switzerland\/wp-json\/wp\/v2\/tags?post=542990"}],"curies":[{"name":"wp","href":"https:\/\/api.w.org\/{rel}","templated":true}]}}