{"id":542916,"date":"2026-08-29T03:00:07","date_gmt":"2026-08-29T03:00:07","guid":{"rendered":"https:\/\/livelycity.com\/switzerland\/ich-rannte-sofort-los-hagel-uberrascht-kinder-in-der-pause\/"},"modified":"2026-08-29T03:00:07","modified_gmt":"2026-08-29T03:00:07","slug":"ich-rannte-sofort-los-hagel-uberrascht-kinder-in-der-pause","status":"publish","type":"post","link":"https:\/\/livelycity.com\/switzerland\/ich-rannte-sofort-los-hagel-uberrascht-kinder-in-der-pause\/","title":{"rendered":"\u00abIch rannte sofort los\u00bb: Hagel \u00fcberrascht Kinder in der Pause"},"content":{"rendered":"<p>Grosse Hagelk\u00f6rner haben am Freitag w\u00e4hrend der Pause mehrere Sch\u00fclerinnen und Sch\u00fcler in Winterthur getroffen und verletzt. Auch Schulh\u00e4user und Sportanlagen wurden besch\u00e4digt.<\/p>\n<p><a href=\"https:\/\/www.20min.ch\/story\/winterthur-ich-rannte-sofort-los-hagel-ueberrascht-kinder-in-der-pause-103624110\" target=\"_blank\" class=\"\">https:\/\/www.20min.ch\/story\/winterthur-ich-rannte-sofort-los-hagel-ueberrascht-kinder-in-der-pause-103624110<\/a>\u00a0<\/p>\n","protected":false},"excerpt":{"rendered":"<p>Grosse Hagelk\u00f6rner haben am Freitag w\u00e4hrend der Pause mehrere Sch\u00fclerinnen und Sch\u00fcler in Winterthur getroffen und verletzt. Auch Schulh\u00e4user und Sportanlagen wurden besch\u00e4digt. https:\/\/www.20min.ch\/story\/winterthur-ich-rannte-sofort-los-hagel-ueberrascht-kinder-in-der-pause-103624110\u00a0<\/p>\n","protected":false},"author":0,"featured_media":542677,"comment_status":"closed","ping_status":"closed","sticky":false,"template":"","format":"standard","meta":{"_jetpack_memberships_contains_paid_content":false,"footnotes":""},"categories":[3],"tags":[],"class_list":["post-542916","post","type-post","status-publish","format-standard","has-post-thumbnail","hentry","category-20-minuten","wpcat-3-id"],"jetpack_featured_media_url":"https:\/\/livelycity.com\/switzerland\/wp-content\/uploads\/2026\/08\/c86faaca-7053-400f-a685-c67b268911ab-gqx9sr.jpg","jetpack_sharing_enabled":true,"_links":{"self":[{"href":"https:\/\/livelycity.com\/switzerland\/wp-json\/wp\/v2\/posts\/542916","targetHints":{"allow":["GET"]}}],"collection":[{"href":"https:\/\/livelycity.com\/switzerland\/wp-json\/wp\/v2\/posts"}],"about":[{"href":"https:\/\/livelycity.com\/switzerland\/wp-json\/wp\/v2\/types\/post"}],"replies":[{"embeddable":true,"href":"https:\/\/livelycity.com\/switzerland\/wp-json\/wp\/v2\/comments?post=542916"}],"version-history":[{"count":0,"href":"https:\/\/livelycity.com\/switzerland\/wp-json\/wp\/v2\/posts\/542916\/revisions"}],"wp:featuredmedia":[{"embeddable":true,"href":"https:\/\/livelycity.com\/switzerland\/wp-json\/wp\/v2\/media\/542677"}],"wp:attachment":[{"href":"https:\/\/livelycity.com\/switzerland\/wp-json\/wp\/v2\/media?parent=542916"}],"wp:term":[{"taxonomy":"category","embeddable":true,"href":"https:\/\/livelycity.com\/switzerland\/wp-json\/wp\/v2\/categories?post=542916"},{"taxonomy":"post_tag","embeddable":true,"href":"https:\/\/livelycity.com\/switzerland\/wp-json\/wp\/v2\/tags?post=542916"}],"curies":[{"name":"wp","href":"https:\/\/api.w.org\/{rel}","templated":true}]}}