{"id":542892,"date":"2026-08-29T08:22:57","date_gmt":"2026-08-29T08:22:57","guid":{"rendered":"https:\/\/livelycity.com\/switzerland\/400-jahre-altes-haus-soll-weg-jetzt-spricht-der-vorbesitzer\/"},"modified":"2026-08-29T08:22:57","modified_gmt":"2026-08-29T08:22:57","slug":"400-jahre-altes-haus-soll-weg-jetzt-spricht-der-vorbesitzer","status":"publish","type":"post","link":"https:\/\/livelycity.com\/switzerland\/400-jahre-altes-haus-soll-weg-jetzt-spricht-der-vorbesitzer\/","title":{"rendered":"400 Jahre altes Haus soll weg: Jetzt spricht der Vorbesitzer"},"content":{"rendered":"<p>Ein 400 Jahre altes Bauernhaus soll zwei Luxusbl\u00f6cken weichen. Das sorgt bei Anwohnern f\u00fcr \u00c4rger. Jetzt erkl\u00e4rt sich der Vorbesitzer.<\/p>\n<p><a href=\"https:\/\/www.20min.ch\/story\/vitznau-lu-400-jahre-altes-haus-soll-weg-jetzt-spricht-der-vorbesitzer-103624252\" target=\"_blank\" class=\"\">https:\/\/www.20min.ch\/story\/vitznau-lu-400-jahre-altes-haus-soll-weg-jetzt-spricht-der-vorbesitzer-103624252<\/a>\u00a0<\/p>\n","protected":false},"excerpt":{"rendered":"<p>Ein 400 Jahre altes Bauernhaus soll zwei Luxusbl\u00f6cken weichen. Das sorgt bei Anwohnern f\u00fcr \u00c4rger. Jetzt erkl\u00e4rt sich der Vorbesitzer. https:\/\/www.20min.ch\/story\/vitznau-lu-400-jahre-altes-haus-soll-weg-jetzt-spricht-der-vorbesitzer-103624252\u00a0<\/p>\n","protected":false},"author":0,"featured_media":542845,"comment_status":"closed","ping_status":"closed","sticky":false,"template":"","format":"standard","meta":{"_jetpack_memberships_contains_paid_content":false,"footnotes":""},"categories":[3],"tags":[],"class_list":["post-542892","post","type-post","status-publish","format-standard","has-post-thumbnail","hentry","category-20-minuten","wpcat-3-id"],"jetpack_featured_media_url":"https:\/\/livelycity.com\/switzerland\/wp-content\/uploads\/2026\/08\/5273ffb8-f915-4eae-99f1-8aa42c3c7671-Gh0iDN.png","jetpack_sharing_enabled":true,"_links":{"self":[{"href":"https:\/\/livelycity.com\/switzerland\/wp-json\/wp\/v2\/posts\/542892","targetHints":{"allow":["GET"]}}],"collection":[{"href":"https:\/\/livelycity.com\/switzerland\/wp-json\/wp\/v2\/posts"}],"about":[{"href":"https:\/\/livelycity.com\/switzerland\/wp-json\/wp\/v2\/types\/post"}],"replies":[{"embeddable":true,"href":"https:\/\/livelycity.com\/switzerland\/wp-json\/wp\/v2\/comments?post=542892"}],"version-history":[{"count":0,"href":"https:\/\/livelycity.com\/switzerland\/wp-json\/wp\/v2\/posts\/542892\/revisions"}],"wp:featuredmedia":[{"embeddable":true,"href":"https:\/\/livelycity.com\/switzerland\/wp-json\/wp\/v2\/media\/542845"}],"wp:attachment":[{"href":"https:\/\/livelycity.com\/switzerland\/wp-json\/wp\/v2\/media?parent=542892"}],"wp:term":[{"taxonomy":"category","embeddable":true,"href":"https:\/\/livelycity.com\/switzerland\/wp-json\/wp\/v2\/categories?post=542892"},{"taxonomy":"post_tag","embeddable":true,"href":"https:\/\/livelycity.com\/switzerland\/wp-json\/wp\/v2\/tags?post=542892"}],"curies":[{"name":"wp","href":"https:\/\/api.w.org\/{rel}","templated":true}]}}