{"id":542891,"date":"2026-08-29T08:56:36","date_gmt":"2026-08-29T08:56:36","guid":{"rendered":"https:\/\/livelycity.com\/switzerland\/seltener-anblick-celine-dion-trifft-fans-vor-pariser-hotel\/"},"modified":"2026-08-29T08:56:36","modified_gmt":"2026-08-29T08:56:36","slug":"seltener-anblick-celine-dion-trifft-fans-vor-pariser-hotel","status":"publish","type":"post","link":"https:\/\/livelycity.com\/switzerland\/seltener-anblick-celine-dion-trifft-fans-vor-pariser-hotel\/","title":{"rendered":"Seltener Anblick: C\u00e9line Dion trifft Fans vor Pariser Hotel"},"content":{"rendered":"<p>C\u00e9line Dion hat sich erstmals seit l\u00e4ngerer Zeit wieder \u00f6ffentlich gezeigt. Vor ihrer f\u00fcnfw\u00f6chigen Konzertresidenz in Paris wurde die S\u00e4ngerin vor ihrem Hotel von zahlreichen Fans begeistert empfangen.<\/p>\n<p><a href=\"https:\/\/www.20min.ch\/story\/konzertresidenz-seltener-anblick-celine-dion-trifft-fans-vor-pariser-hotel-103624242\" target=\"_blank\" class=\"\">https:\/\/www.20min.ch\/story\/konzertresidenz-seltener-anblick-celine-dion-trifft-fans-vor-pariser-hotel-103624242<\/a>\u00a0<\/p>\n","protected":false},"excerpt":{"rendered":"<p>C\u00e9line Dion hat sich erstmals seit l\u00e4ngerer Zeit wieder \u00f6ffentlich gezeigt. Vor ihrer f\u00fcnfw\u00f6chigen Konzertresidenz in Paris wurde die S\u00e4ngerin vor ihrem Hotel von zahlreichen&#8230;<\/p>\n","protected":false},"author":0,"featured_media":542841,"comment_status":"closed","ping_status":"closed","sticky":false,"template":"","format":"standard","meta":{"_jetpack_memberships_contains_paid_content":false,"footnotes":""},"categories":[3],"tags":[],"class_list":["post-542891","post","type-post","status-publish","format-standard","has-post-thumbnail","hentry","category-20-minuten","wpcat-3-id"],"jetpack_featured_media_url":"https:\/\/livelycity.com\/switzerland\/wp-content\/uploads\/2026\/08\/0be0e206-faa3-4c3a-a8f1-6e5d24c43bfa-K2brS1-scaled.jpg","jetpack_sharing_enabled":true,"_links":{"self":[{"href":"https:\/\/livelycity.com\/switzerland\/wp-json\/wp\/v2\/posts\/542891","targetHints":{"allow":["GET"]}}],"collection":[{"href":"https:\/\/livelycity.com\/switzerland\/wp-json\/wp\/v2\/posts"}],"about":[{"href":"https:\/\/livelycity.com\/switzerland\/wp-json\/wp\/v2\/types\/post"}],"replies":[{"embeddable":true,"href":"https:\/\/livelycity.com\/switzerland\/wp-json\/wp\/v2\/comments?post=542891"}],"version-history":[{"count":0,"href":"https:\/\/livelycity.com\/switzerland\/wp-json\/wp\/v2\/posts\/542891\/revisions"}],"wp:featuredmedia":[{"embeddable":true,"href":"https:\/\/livelycity.com\/switzerland\/wp-json\/wp\/v2\/media\/542841"}],"wp:attachment":[{"href":"https:\/\/livelycity.com\/switzerland\/wp-json\/wp\/v2\/media?parent=542891"}],"wp:term":[{"taxonomy":"category","embeddable":true,"href":"https:\/\/livelycity.com\/switzerland\/wp-json\/wp\/v2\/categories?post=542891"},{"taxonomy":"post_tag","embeddable":true,"href":"https:\/\/livelycity.com\/switzerland\/wp-json\/wp\/v2\/tags?post=542891"}],"curies":[{"name":"wp","href":"https:\/\/api.w.org\/{rel}","templated":true}]}}