{"id":542862,"date":"2026-08-29T03:00:17","date_gmt":"2026-08-29T03:00:17","guid":{"rendered":"https:\/\/livelycity.com\/switzerland\/zu-viele-kriminelle-alte-gefangnisse-werden-wieder-geoffnet\/"},"modified":"2026-08-29T03:00:17","modified_gmt":"2026-08-29T03:00:17","slug":"zu-viele-kriminelle-alte-gefangnisse-werden-wieder-geoffnet","status":"publish","type":"post","link":"https:\/\/livelycity.com\/switzerland\/zu-viele-kriminelle-alte-gefangnisse-werden-wieder-geoffnet\/","title":{"rendered":"Zu viele Kriminelle: Alte Gef\u00e4ngnisse werden wieder ge\u00f6ffnet"},"content":{"rendered":"<p>Da viele Gef\u00e4ngnisse \u00fcberlastet sind, werden im Kanton St. Gallen zwei ehemalige Gef\u00e4ngnisse wieder in Betrieb genommen.<\/p>\n<p><a href=\"https:\/\/www.20min.ch\/story\/st-gallen-gefaengnisse-bazenheid-uznach-wiedereroeffnung-103622267\" target=\"_blank\" class=\"\">https:\/\/www.20min.ch\/story\/st-gallen-gefaengnisse-bazenheid-uznach-wiedereroeffnung-103622267<\/a>\u00a0<\/p>\n","protected":false},"excerpt":{"rendered":"<p>Da viele Gef\u00e4ngnisse \u00fcberlastet sind, werden im Kanton St. Gallen zwei ehemalige Gef\u00e4ngnisse wieder in Betrieb genommen. https:\/\/www.20min.ch\/story\/st-gallen-gefaengnisse-bazenheid-uznach-wiedereroeffnung-103622267\u00a0<\/p>\n","protected":false},"author":0,"featured_media":542679,"comment_status":"closed","ping_status":"closed","sticky":false,"template":"","format":"standard","meta":{"_jetpack_memberships_contains_paid_content":false,"footnotes":""},"categories":[3],"tags":[],"class_list":["post-542862","post","type-post","status-publish","format-standard","has-post-thumbnail","hentry","category-20-minuten","wpcat-3-id"],"jetpack_featured_media_url":"https:\/\/livelycity.com\/switzerland\/wp-content\/uploads\/2026\/08\/5aa0bae4-5e93-4360-9916-af4aec5876d4-AeZwz4-scaled.jpg","jetpack_sharing_enabled":true,"_links":{"self":[{"href":"https:\/\/livelycity.com\/switzerland\/wp-json\/wp\/v2\/posts\/542862","targetHints":{"allow":["GET"]}}],"collection":[{"href":"https:\/\/livelycity.com\/switzerland\/wp-json\/wp\/v2\/posts"}],"about":[{"href":"https:\/\/livelycity.com\/switzerland\/wp-json\/wp\/v2\/types\/post"}],"replies":[{"embeddable":true,"href":"https:\/\/livelycity.com\/switzerland\/wp-json\/wp\/v2\/comments?post=542862"}],"version-history":[{"count":0,"href":"https:\/\/livelycity.com\/switzerland\/wp-json\/wp\/v2\/posts\/542862\/revisions"}],"wp:featuredmedia":[{"embeddable":true,"href":"https:\/\/livelycity.com\/switzerland\/wp-json\/wp\/v2\/media\/542679"}],"wp:attachment":[{"href":"https:\/\/livelycity.com\/switzerland\/wp-json\/wp\/v2\/media?parent=542862"}],"wp:term":[{"taxonomy":"category","embeddable":true,"href":"https:\/\/livelycity.com\/switzerland\/wp-json\/wp\/v2\/categories?post=542862"},{"taxonomy":"post_tag","embeddable":true,"href":"https:\/\/livelycity.com\/switzerland\/wp-json\/wp\/v2\/tags?post=542862"}],"curies":[{"name":"wp","href":"https:\/\/api.w.org\/{rel}","templated":true}]}}