{"id":542835,"date":"2026-08-29T03:01:08","date_gmt":"2026-08-29T03:01:08","guid":{"rendered":"https:\/\/livelycity.com\/switzerland\/brenzlige-situation-bergfuhrer-greift-bergsteiger-an\/"},"modified":"2026-08-29T03:01:08","modified_gmt":"2026-08-29T03:01:08","slug":"brenzlige-situation-bergfuhrer-greift-bergsteiger-an","status":"publish","type":"post","link":"https:\/\/livelycity.com\/switzerland\/brenzlige-situation-bergfuhrer-greift-bergsteiger-an\/","title":{"rendered":"Brenzlige Situation: Bergf\u00fchrer greift Bergsteiger an"},"content":{"rendered":"<p>Am Grossglockner geriet ein Bergf\u00fchrer mit einem polnischen Kletter-Ehepaar aneinander. Beim \u00dcberholen auf dem M\u00fcrztalersteig dr\u00e4ngte er sich zwischen die beiden und die Situation eskalierte. Das Video sorgt im Netz f\u00fcr Emp\u00f6rung. Die Polizei ermittelt.<\/p>\n<p><a href=\"https:\/\/www.20min.ch\/video\/oesterreich-brenzlige-situation-bergfuehrer-greift-bergsteiger-an-103624196\" target=\"_blank\" class=\"\">https:\/\/www.20min.ch\/video\/oesterreich-brenzlige-situation-bergfuehrer-greift-bergsteiger-an-103624196<\/a>\u00a0<\/p>\n","protected":false},"excerpt":{"rendered":"<p>Am Grossglockner geriet ein Bergf\u00fchrer mit einem polnischen Kletter-Ehepaar aneinander. Beim \u00dcberholen auf dem M\u00fcrztalersteig dr\u00e4ngte er sich zwischen die beiden und die Situation eskalierte&#8230;.<\/p>\n","protected":false},"author":0,"featured_media":542707,"comment_status":"closed","ping_status":"closed","sticky":false,"template":"","format":"standard","meta":{"_jetpack_memberships_contains_paid_content":false,"footnotes":""},"categories":[3],"tags":[],"class_list":["post-542835","post","type-post","status-publish","format-standard","has-post-thumbnail","hentry","category-20-minuten","wpcat-3-id"],"jetpack_featured_media_url":"https:\/\/livelycity.com\/switzerland\/wp-content\/uploads\/2026\/08\/adb0bfbc-b1cb-42f4-bc1d-9bd8c0cb8d03-8PHGaX.jpg","jetpack_sharing_enabled":true,"_links":{"self":[{"href":"https:\/\/livelycity.com\/switzerland\/wp-json\/wp\/v2\/posts\/542835","targetHints":{"allow":["GET"]}}],"collection":[{"href":"https:\/\/livelycity.com\/switzerland\/wp-json\/wp\/v2\/posts"}],"about":[{"href":"https:\/\/livelycity.com\/switzerland\/wp-json\/wp\/v2\/types\/post"}],"replies":[{"embeddable":true,"href":"https:\/\/livelycity.com\/switzerland\/wp-json\/wp\/v2\/comments?post=542835"}],"version-history":[{"count":0,"href":"https:\/\/livelycity.com\/switzerland\/wp-json\/wp\/v2\/posts\/542835\/revisions"}],"wp:featuredmedia":[{"embeddable":true,"href":"https:\/\/livelycity.com\/switzerland\/wp-json\/wp\/v2\/media\/542707"}],"wp:attachment":[{"href":"https:\/\/livelycity.com\/switzerland\/wp-json\/wp\/v2\/media?parent=542835"}],"wp:term":[{"taxonomy":"category","embeddable":true,"href":"https:\/\/livelycity.com\/switzerland\/wp-json\/wp\/v2\/categories?post=542835"},{"taxonomy":"post_tag","embeddable":true,"href":"https:\/\/livelycity.com\/switzerland\/wp-json\/wp\/v2\/tags?post=542835"}],"curies":[{"name":"wp","href":"https:\/\/api.w.org\/{rel}","templated":true}]}}