{"id":542756,"date":"2026-08-28T14:28:26","date_gmt":"2026-08-28T14:28:26","guid":{"rendered":"https:\/\/livelycity.com\/switzerland\/tod-von-harald-beziehung-zu-sonja-sturzte-monarchie-in-krise\/"},"modified":"2026-08-28T14:28:26","modified_gmt":"2026-08-28T14:28:26","slug":"tod-von-harald-beziehung-zu-sonja-sturzte-monarchie-in-krise","status":"publish","type":"post","link":"https:\/\/livelycity.com\/switzerland\/tod-von-harald-beziehung-zu-sonja-sturzte-monarchie-in-krise\/","title":{"rendered":"Tod von Harald: Beziehung zu Sonja st\u00fcrzte Monarchie in Krise"},"content":{"rendered":"<p>Die Liebesgeschichte von K\u00f6nig Harald V. und K\u00f6nigin Sonja revolutionierte die Monarchie. Ihre Beziehung musste einige Tiefen \u00fcberstehen.<\/p>\n<p><a href=\"https:\/\/www.20min.ch\/story\/norwegen-tod-koenig-harald-koenigin-sonja-liebesgeschichte-103623265\" target=\"_blank\" class=\"\">https:\/\/www.20min.ch\/story\/norwegen-tod-koenig-harald-koenigin-sonja-liebesgeschichte-103623265<\/a>\u00a0<\/p>\n","protected":false},"excerpt":{"rendered":"<p>Die Liebesgeschichte von K\u00f6nig Harald V. und K\u00f6nigin Sonja revolutionierte die Monarchie. Ihre Beziehung musste einige Tiefen \u00fcberstehen. https:\/\/www.20min.ch\/story\/norwegen-tod-koenig-harald-koenigin-sonja-liebesgeschichte-103623265\u00a0<\/p>\n","protected":false},"author":0,"featured_media":542425,"comment_status":"closed","ping_status":"closed","sticky":false,"template":"","format":"standard","meta":{"_jetpack_memberships_contains_paid_content":false,"footnotes":""},"categories":[3],"tags":[],"class_list":["post-542756","post","type-post","status-publish","format-standard","has-post-thumbnail","hentry","category-20-minuten","wpcat-3-id"],"jetpack_featured_media_url":"https:\/\/livelycity.com\/switzerland\/wp-content\/uploads\/2026\/08\/c8c2f600-1083-4cd6-a1d4-f89ce6f300f1-x6W9YL-scaled.jpg","jetpack_sharing_enabled":true,"_links":{"self":[{"href":"https:\/\/livelycity.com\/switzerland\/wp-json\/wp\/v2\/posts\/542756","targetHints":{"allow":["GET"]}}],"collection":[{"href":"https:\/\/livelycity.com\/switzerland\/wp-json\/wp\/v2\/posts"}],"about":[{"href":"https:\/\/livelycity.com\/switzerland\/wp-json\/wp\/v2\/types\/post"}],"replies":[{"embeddable":true,"href":"https:\/\/livelycity.com\/switzerland\/wp-json\/wp\/v2\/comments?post=542756"}],"version-history":[{"count":0,"href":"https:\/\/livelycity.com\/switzerland\/wp-json\/wp\/v2\/posts\/542756\/revisions"}],"wp:featuredmedia":[{"embeddable":true,"href":"https:\/\/livelycity.com\/switzerland\/wp-json\/wp\/v2\/media\/542425"}],"wp:attachment":[{"href":"https:\/\/livelycity.com\/switzerland\/wp-json\/wp\/v2\/media?parent=542756"}],"wp:term":[{"taxonomy":"category","embeddable":true,"href":"https:\/\/livelycity.com\/switzerland\/wp-json\/wp\/v2\/categories?post=542756"},{"taxonomy":"post_tag","embeddable":true,"href":"https:\/\/livelycity.com\/switzerland\/wp-json\/wp\/v2\/tags?post=542756"}],"curies":[{"name":"wp","href":"https:\/\/api.w.org\/{rel}","templated":true}]}}