{"id":542675,"date":"2026-08-29T03:00:00","date_gmt":"2026-08-29T03:00:00","guid":{"rendered":"https:\/\/livelycity.com\/switzerland\/interview-andri-silberschmidt-ist-nicht-mehr-der-liberale-rebell-von-fruher-dennoch-sagt-er-meine-skepsis-gegenuber-einem-allmachtigen-staat-ist-nach-wie-vor-da\/"},"modified":"2026-08-29T03:00:00","modified_gmt":"2026-08-29T03:00:00","slug":"interview-andri-silberschmidt-ist-nicht-mehr-der-liberale-rebell-von-fruher-dennoch-sagt-er-meine-skepsis-gegenuber-einem-allmachtigen-staat-ist-nach-wie-vor-da","status":"publish","type":"post","link":"https:\/\/livelycity.com\/switzerland\/interview-andri-silberschmidt-ist-nicht-mehr-der-liberale-rebell-von-fruher-dennoch-sagt-er-meine-skepsis-gegenuber-einem-allmachtigen-staat-ist-nach-wie-vor-da\/","title":{"rendered":"INTERVIEW &#8211; Andri Silberschmidt ist nicht mehr der liberale Rebell von fr\u00fcher. Dennoch sagt er: \u00abMeine Skepsis gegen\u00fcber einem allm\u00e4chtigen Staat ist nach wie vor da\u00bb"},"content":{"rendered":"<p>Einst provokanter Jungfreisinniger, heute staatsm\u00e4nnischer Regierungsratskandidat: Andri Silberschmidt hat sich gewandelt. Nun will der FDP-Hoffnungstr\u00e4ger auch den Kanton Z\u00fcrich ver\u00e4ndern.<\/p>\n<p><a href=\"https:\/\/www.nzz.ch\/zuerich\/andri-silberschmidt-und-seine-vision-fuer-zuerichs-zukunft-ld.10020969\" target=\"_blank\" class=\"\">https:\/\/www.nzz.ch\/zuerich\/andri-silberschmidt-und-seine-vision-fuer-zuerichs-zukunft-ld.10020969<\/a>\u00a0<\/p>\n","protected":false},"excerpt":{"rendered":"<p>Einst provokanter Jungfreisinniger, heute staatsm\u00e4nnischer Regierungsratskandidat: Andri Silberschmidt hat sich gewandelt. Nun will der FDP-Hoffnungstr\u00e4ger auch den Kanton Z\u00fcrich ver\u00e4ndern. https:\/\/www.nzz.ch\/zuerich\/andri-silberschmidt-und-seine-vision-fuer-zuerichs-zukunft-ld.10020969\u00a0<\/p>\n","protected":false},"author":0,"featured_media":542669,"comment_status":"closed","ping_status":"closed","sticky":false,"template":"","format":"standard","meta":{"_jetpack_memberships_contains_paid_content":false,"footnotes":""},"categories":[6],"tags":[],"class_list":["post-542675","post","type-post","status-publish","format-standard","has-post-thumbnail","hentry","category-neue-zurcher-zeitung","wpcat-6-id"],"jetpack_featured_media_url":"https:\/\/livelycity.com\/switzerland\/wp-content\/uploads\/2026\/08\/cfa324cf-96ad-4559-abb1-e01a81b27402-bLsmM0.jpg","jetpack_sharing_enabled":true,"_links":{"self":[{"href":"https:\/\/livelycity.com\/switzerland\/wp-json\/wp\/v2\/posts\/542675","targetHints":{"allow":["GET"]}}],"collection":[{"href":"https:\/\/livelycity.com\/switzerland\/wp-json\/wp\/v2\/posts"}],"about":[{"href":"https:\/\/livelycity.com\/switzerland\/wp-json\/wp\/v2\/types\/post"}],"replies":[{"embeddable":true,"href":"https:\/\/livelycity.com\/switzerland\/wp-json\/wp\/v2\/comments?post=542675"}],"version-history":[{"count":0,"href":"https:\/\/livelycity.com\/switzerland\/wp-json\/wp\/v2\/posts\/542675\/revisions"}],"wp:featuredmedia":[{"embeddable":true,"href":"https:\/\/livelycity.com\/switzerland\/wp-json\/wp\/v2\/media\/542669"}],"wp:attachment":[{"href":"https:\/\/livelycity.com\/switzerland\/wp-json\/wp\/v2\/media?parent=542675"}],"wp:term":[{"taxonomy":"category","embeddable":true,"href":"https:\/\/livelycity.com\/switzerland\/wp-json\/wp\/v2\/categories?post=542675"},{"taxonomy":"post_tag","embeddable":true,"href":"https:\/\/livelycity.com\/switzerland\/wp-json\/wp\/v2\/tags?post=542675"}],"curies":[{"name":"wp","href":"https:\/\/api.w.org\/{rel}","templated":true}]}}