{"id":542673,"date":"2026-08-29T03:03:00","date_gmt":"2026-08-29T03:03:00","guid":{"rendered":"https:\/\/livelycity.com\/switzerland\/interview-fahrprufung-sobald-ich-ins-lenkrad-fassen-muss-ist-die-sache-gelaufen\/"},"modified":"2026-08-29T03:03:00","modified_gmt":"2026-08-29T03:03:00","slug":"interview-fahrprufung-sobald-ich-ins-lenkrad-fassen-muss-ist-die-sache-gelaufen","status":"publish","type":"post","link":"https:\/\/livelycity.com\/switzerland\/interview-fahrprufung-sobald-ich-ins-lenkrad-fassen-muss-ist-die-sache-gelaufen\/","title":{"rendered":"INTERVIEW &#8211; Fahrpr\u00fcfung: \u00abSobald ich ins Lenkrad fassen muss, ist die Sache gelaufen\u00bb"},"content":{"rendered":"<p>Der langj\u00e4hrige Verkehrsexperte Michel Baumann erkl\u00e4rt, warum bei der Fahrpr\u00fcfung \u00abknapp gen\u00fcgend\u00bb nicht gen\u00fcgt, welche Fehler er verzeiht \u2013 und weshalb manche Kandidaten nicht einmal merken, dass sie gerade durchgefallen sind.<\/p>\n<p><a href=\"https:\/\/www.nzz.ch\/gesellschaft\/fahrpruefung-sobald-ich-ins-lenkrad-fassen-muss-ist-die-sache-gelaufen-ld.10019275\" target=\"_blank\" class=\"\">https:\/\/www.nzz.ch\/gesellschaft\/fahrpruefung-sobald-ich-ins-lenkrad-fassen-muss-ist-die-sache-gelaufen-ld.10019275<\/a>\u00a0<\/p>\n","protected":false},"excerpt":{"rendered":"<p>Der langj\u00e4hrige Verkehrsexperte Michel Baumann erkl\u00e4rt, warum bei der Fahrpr\u00fcfung \u00abknapp gen\u00fcgend\u00bb nicht gen\u00fcgt, welche Fehler er verzeiht \u2013 und weshalb manche Kandidaten nicht einmal&#8230;<\/p>\n","protected":false},"author":0,"featured_media":542674,"comment_status":"closed","ping_status":"closed","sticky":false,"template":"","format":"standard","meta":{"_jetpack_memberships_contains_paid_content":false,"footnotes":""},"categories":[6],"tags":[],"class_list":["post-542673","post","type-post","status-publish","format-standard","has-post-thumbnail","hentry","category-neue-zurcher-zeitung","wpcat-6-id"],"jetpack_featured_media_url":"https:\/\/livelycity.com\/switzerland\/wp-content\/uploads\/2026\/08\/688b0756-77c2-4f34-a54c-69847f2ecd93-o1q2pp.jpg","jetpack_sharing_enabled":true,"_links":{"self":[{"href":"https:\/\/livelycity.com\/switzerland\/wp-json\/wp\/v2\/posts\/542673","targetHints":{"allow":["GET"]}}],"collection":[{"href":"https:\/\/livelycity.com\/switzerland\/wp-json\/wp\/v2\/posts"}],"about":[{"href":"https:\/\/livelycity.com\/switzerland\/wp-json\/wp\/v2\/types\/post"}],"replies":[{"embeddable":true,"href":"https:\/\/livelycity.com\/switzerland\/wp-json\/wp\/v2\/comments?post=542673"}],"version-history":[{"count":0,"href":"https:\/\/livelycity.com\/switzerland\/wp-json\/wp\/v2\/posts\/542673\/revisions"}],"wp:featuredmedia":[{"embeddable":true,"href":"https:\/\/livelycity.com\/switzerland\/wp-json\/wp\/v2\/media\/542674"}],"wp:attachment":[{"href":"https:\/\/livelycity.com\/switzerland\/wp-json\/wp\/v2\/media?parent=542673"}],"wp:term":[{"taxonomy":"category","embeddable":true,"href":"https:\/\/livelycity.com\/switzerland\/wp-json\/wp\/v2\/categories?post=542673"},{"taxonomy":"post_tag","embeddable":true,"href":"https:\/\/livelycity.com\/switzerland\/wp-json\/wp\/v2\/tags?post=542673"}],"curies":[{"name":"wp","href":"https:\/\/api.w.org\/{rel}","templated":true}]}}