{"id":542407,"date":"2026-08-28T14:04:04","date_gmt":"2026-08-28T14:04:04","guid":{"rendered":"https:\/\/livelycity.com\/switzerland\/christoph-blocher-unterstutzt-seine-neutralitatsinitiative-mit-uber-zwei-millionen-franken\/"},"modified":"2026-08-28T14:04:04","modified_gmt":"2026-08-28T14:04:04","slug":"christoph-blocher-unterstutzt-seine-neutralitatsinitiative-mit-uber-zwei-millionen-franken","status":"publish","type":"post","link":"https:\/\/livelycity.com\/switzerland\/christoph-blocher-unterstutzt-seine-neutralitatsinitiative-mit-uber-zwei-millionen-franken\/","title":{"rendered":"Christoph Blocher unterst\u00fctzt seine Neutralit\u00e4tsinitiative mit \u00fcber zwei Millionen Franken"},"content":{"rendered":"<p>Die Zahlen der Eidgen\u00f6ssischen Finanzkontrolle zeigen. Das Budget des Ja-Lagers ist doppelt so hoch wie jenes seiner Gegner.<\/p>\n<p><a href=\"https:\/\/www.nzz.ch\/schweiz\/christoph-blocher-unterstuetzt-seine-neutralitaetsinitiative-mit-ueber-zwei-millionen-franken-ld.10021421\" target=\"_blank\" class=\"\">https:\/\/www.nzz.ch\/schweiz\/christoph-blocher-unterstuetzt-seine-neutralitaetsinitiative-mit-ueber-zwei-millionen-franken-ld.10021421<\/a>\u00a0<\/p>\n","protected":false},"excerpt":{"rendered":"<p>Die Zahlen der Eidgen\u00f6ssischen Finanzkontrolle zeigen. Das Budget des Ja-Lagers ist doppelt so hoch wie jenes seiner Gegner. https:\/\/www.nzz.ch\/schweiz\/christoph-blocher-unterstuetzt-seine-neutralitaetsinitiative-mit-ueber-zwei-millionen-franken-ld.10021421\u00a0<\/p>\n","protected":false},"author":0,"featured_media":542408,"comment_status":"closed","ping_status":"closed","sticky":false,"template":"","format":"standard","meta":{"_jetpack_memberships_contains_paid_content":false,"footnotes":""},"categories":[6],"tags":[],"class_list":["post-542407","post","type-post","status-publish","format-standard","has-post-thumbnail","hentry","category-neue-zurcher-zeitung","wpcat-6-id"],"jetpack_featured_media_url":"https:\/\/livelycity.com\/switzerland\/wp-content\/uploads\/2026\/08\/5bac0b5c-8a9a-407e-b2d5-891fd8c69c9f-o4MR1E.jpg","jetpack_sharing_enabled":true,"_links":{"self":[{"href":"https:\/\/livelycity.com\/switzerland\/wp-json\/wp\/v2\/posts\/542407","targetHints":{"allow":["GET"]}}],"collection":[{"href":"https:\/\/livelycity.com\/switzerland\/wp-json\/wp\/v2\/posts"}],"about":[{"href":"https:\/\/livelycity.com\/switzerland\/wp-json\/wp\/v2\/types\/post"}],"replies":[{"embeddable":true,"href":"https:\/\/livelycity.com\/switzerland\/wp-json\/wp\/v2\/comments?post=542407"}],"version-history":[{"count":0,"href":"https:\/\/livelycity.com\/switzerland\/wp-json\/wp\/v2\/posts\/542407\/revisions"}],"wp:featuredmedia":[{"embeddable":true,"href":"https:\/\/livelycity.com\/switzerland\/wp-json\/wp\/v2\/media\/542408"}],"wp:attachment":[{"href":"https:\/\/livelycity.com\/switzerland\/wp-json\/wp\/v2\/media?parent=542407"}],"wp:term":[{"taxonomy":"category","embeddable":true,"href":"https:\/\/livelycity.com\/switzerland\/wp-json\/wp\/v2\/categories?post=542407"},{"taxonomy":"post_tag","embeddable":true,"href":"https:\/\/livelycity.com\/switzerland\/wp-json\/wp\/v2\/tags?post=542407"}],"curies":[{"name":"wp","href":"https:\/\/api.w.org\/{rel}","templated":true}]}}