{"id":542235,"date":"2026-08-28T02:50:04","date_gmt":"2026-08-28T02:50:04","guid":{"rendered":"https:\/\/livelycity.com\/switzerland\/horen-sie-ikkimel-bei-der-frage-im-jobinterview-stutzt-amina\/"},"modified":"2026-08-28T02:50:04","modified_gmt":"2026-08-28T02:50:04","slug":"horen-sie-ikkimel-bei-der-frage-im-jobinterview-stutzt-amina","status":"publish","type":"post","link":"https:\/\/livelycity.com\/switzerland\/horen-sie-ikkimel-bei-der-frage-im-jobinterview-stutzt-amina\/","title":{"rendered":"\u00abH\u00f6ren Sie Ikkimel?\u00bb Bei der Frage im Jobinterview stutzt Amina"},"content":{"rendered":"<p>Mitten im Bewerbungsgespr\u00e4ch will ein Arbeitgeber von Amina wissen, ob sie die deutsche Rapperin Ikkimel h\u00f6rt. Gegen\u00fcber 20 Minuten \u00e4ussert sie sich zum Vorfall. Eine Karriereexpertin erkl\u00e4rt, warum hinter der Frage mehr als Smalltalk steckt.<\/p>\n<p><a href=\"https:\/\/www.20min.ch\/story\/bewerbungsgespraech-hoeren-sie-ikkimel-sorgt-fuer-aufsehen-103621695\" target=\"_blank\" class=\"\">https:\/\/www.20min.ch\/story\/bewerbungsgespraech-hoeren-sie-ikkimel-sorgt-fuer-aufsehen-103621695<\/a>\u00a0<\/p>\n","protected":false},"excerpt":{"rendered":"<p>Mitten im Bewerbungsgespr\u00e4ch will ein Arbeitgeber von Amina wissen, ob sie die deutsche Rapperin Ikkimel h\u00f6rt. Gegen\u00fcber 20 Minuten \u00e4ussert sie sich zum Vorfall. Eine&#8230;<\/p>\n","protected":false},"author":0,"featured_media":542071,"comment_status":"closed","ping_status":"closed","sticky":false,"template":"","format":"standard","meta":{"_jetpack_memberships_contains_paid_content":false,"footnotes":""},"categories":[3],"tags":[],"class_list":["post-542235","post","type-post","status-publish","format-standard","has-post-thumbnail","hentry","category-20-minuten","wpcat-3-id"],"jetpack_featured_media_url":"https:\/\/livelycity.com\/switzerland\/wp-content\/uploads\/2026\/08\/0cca9557-a2b5-4bb7-a4ba-c861f4f322b2-8Kxk89.jpg","jetpack_sharing_enabled":true,"_links":{"self":[{"href":"https:\/\/livelycity.com\/switzerland\/wp-json\/wp\/v2\/posts\/542235","targetHints":{"allow":["GET"]}}],"collection":[{"href":"https:\/\/livelycity.com\/switzerland\/wp-json\/wp\/v2\/posts"}],"about":[{"href":"https:\/\/livelycity.com\/switzerland\/wp-json\/wp\/v2\/types\/post"}],"replies":[{"embeddable":true,"href":"https:\/\/livelycity.com\/switzerland\/wp-json\/wp\/v2\/comments?post=542235"}],"version-history":[{"count":0,"href":"https:\/\/livelycity.com\/switzerland\/wp-json\/wp\/v2\/posts\/542235\/revisions"}],"wp:featuredmedia":[{"embeddable":true,"href":"https:\/\/livelycity.com\/switzerland\/wp-json\/wp\/v2\/media\/542071"}],"wp:attachment":[{"href":"https:\/\/livelycity.com\/switzerland\/wp-json\/wp\/v2\/media?parent=542235"}],"wp:term":[{"taxonomy":"category","embeddable":true,"href":"https:\/\/livelycity.com\/switzerland\/wp-json\/wp\/v2\/categories?post=542235"},{"taxonomy":"post_tag","embeddable":true,"href":"https:\/\/livelycity.com\/switzerland\/wp-json\/wp\/v2\/tags?post=542235"}],"curies":[{"name":"wp","href":"https:\/\/api.w.org\/{rel}","templated":true}]}}