{"id":542202,"date":"2026-08-28T02:49:33","date_gmt":"2026-08-28T02:49:33","guid":{"rendered":"https:\/\/livelycity.com\/switzerland\/darum-leiden-frauen-deutlich-mehr-unter-der-hitze-als-manner\/"},"modified":"2026-08-28T02:49:33","modified_gmt":"2026-08-28T02:49:33","slug":"darum-leiden-frauen-deutlich-mehr-unter-der-hitze-als-manner","status":"publish","type":"post","link":"https:\/\/livelycity.com\/switzerland\/darum-leiden-frauen-deutlich-mehr-unter-der-hitze-als-manner\/","title":{"rendered":"Darum leiden Frauen deutlich mehr unter der Hitze als M\u00e4nner"},"content":{"rendered":"<p>Frauen haben unter den extremen Temperaturen der letzten Wochen st\u00e4rker gelitten als M\u00e4nner, wie die Hitze-Umfrage von 20 Minuten und Tamedia zeigt. Das hat gleich mehrere Gr\u00fcnde.<\/p>\n<p><a href=\"https:\/\/www.20min.ch\/story\/hitze-umfrage-2026-warum-frauen-unter-extremen-temperaturen-mehr-leiden-als-maenner-103623252\" target=\"_blank\" class=\"\">https:\/\/www.20min.ch\/story\/hitze-umfrage-2026-warum-frauen-unter-extremen-temperaturen-mehr-leiden-als-maenner-103623252<\/a>\u00a0<\/p>\n","protected":false},"excerpt":{"rendered":"<p>Frauen haben unter den extremen Temperaturen der letzten Wochen st\u00e4rker gelitten als M\u00e4nner, wie die Hitze-Umfrage von 20 Minuten und Tamedia zeigt. Das hat gleich&#8230;<\/p>\n","protected":false},"author":0,"featured_media":542069,"comment_status":"closed","ping_status":"closed","sticky":false,"template":"","format":"standard","meta":{"_jetpack_memberships_contains_paid_content":false,"footnotes":""},"categories":[3],"tags":[],"class_list":["post-542202","post","type-post","status-publish","format-standard","has-post-thumbnail","hentry","category-20-minuten","wpcat-3-id"],"jetpack_featured_media_url":"https:\/\/livelycity.com\/switzerland\/wp-content\/uploads\/2026\/08\/fe24ed97-1b2e-4cf0-8f4f-ebee8ef086c1-GGDELy-scaled.jpg","jetpack_sharing_enabled":true,"_links":{"self":[{"href":"https:\/\/livelycity.com\/switzerland\/wp-json\/wp\/v2\/posts\/542202","targetHints":{"allow":["GET"]}}],"collection":[{"href":"https:\/\/livelycity.com\/switzerland\/wp-json\/wp\/v2\/posts"}],"about":[{"href":"https:\/\/livelycity.com\/switzerland\/wp-json\/wp\/v2\/types\/post"}],"replies":[{"embeddable":true,"href":"https:\/\/livelycity.com\/switzerland\/wp-json\/wp\/v2\/comments?post=542202"}],"version-history":[{"count":0,"href":"https:\/\/livelycity.com\/switzerland\/wp-json\/wp\/v2\/posts\/542202\/revisions"}],"wp:featuredmedia":[{"embeddable":true,"href":"https:\/\/livelycity.com\/switzerland\/wp-json\/wp\/v2\/media\/542069"}],"wp:attachment":[{"href":"https:\/\/livelycity.com\/switzerland\/wp-json\/wp\/v2\/media?parent=542202"}],"wp:term":[{"taxonomy":"category","embeddable":true,"href":"https:\/\/livelycity.com\/switzerland\/wp-json\/wp\/v2\/categories?post=542202"},{"taxonomy":"post_tag","embeddable":true,"href":"https:\/\/livelycity.com\/switzerland\/wp-json\/wp\/v2\/tags?post=542202"}],"curies":[{"name":"wp","href":"https:\/\/api.w.org\/{rel}","templated":true}]}}