{"id":542168,"date":"2026-08-28T03:28:21","date_gmt":"2026-08-28T03:28:21","guid":{"rendered":"https:\/\/livelycity.com\/switzerland\/fruhaufsteher-werden-mit-partieller-mondfinsternis-belohnt\/"},"modified":"2026-08-28T03:28:21","modified_gmt":"2026-08-28T03:28:21","slug":"fruhaufsteher-werden-mit-partieller-mondfinsternis-belohnt","status":"publish","type":"post","link":"https:\/\/livelycity.com\/switzerland\/fruhaufsteher-werden-mit-partieller-mondfinsternis-belohnt\/","title":{"rendered":"Fr\u00fchaufsteher werden mit partieller Mondfinsternis belohnt"},"content":{"rendered":"<p>Wer am Freitagmorgen fr\u00fch aus den Federn kam und zudem noch Wettergl\u00fcck hatte, konnte die Mondfinsternis beobachten.<\/p>\n<p><a href=\"https:\/\/www.20min.ch\/story\/himmelsschauspiel-partielle-mondfinsternis-am-schweizer-himmel-beobachtet-103623805\" target=\"_blank\" class=\"\">https:\/\/www.20min.ch\/story\/himmelsschauspiel-partielle-mondfinsternis-am-schweizer-himmel-beobachtet-103623805<\/a>\u00a0<\/p>\n","protected":false},"excerpt":{"rendered":"<p>Wer am Freitagmorgen fr\u00fch aus den Federn kam und zudem noch Wettergl\u00fcck hatte, konnte die Mondfinsternis beobachten. https:\/\/www.20min.ch\/story\/himmelsschauspiel-partielle-mondfinsternis-am-schweizer-himmel-beobachtet-103623805\u00a0<\/p>\n","protected":false},"author":0,"featured_media":542115,"comment_status":"closed","ping_status":"closed","sticky":false,"template":"","format":"standard","meta":{"_jetpack_memberships_contains_paid_content":false,"footnotes":""},"categories":[3],"tags":[],"class_list":["post-542168","post","type-post","status-publish","format-standard","has-post-thumbnail","hentry","category-20-minuten","wpcat-3-id"],"jetpack_featured_media_url":"https:\/\/livelycity.com\/switzerland\/wp-content\/uploads\/2026\/08\/4230b546-a58f-46fa-afa0-96f1984327b0-5gpmm9.jpg","jetpack_sharing_enabled":true,"_links":{"self":[{"href":"https:\/\/livelycity.com\/switzerland\/wp-json\/wp\/v2\/posts\/542168","targetHints":{"allow":["GET"]}}],"collection":[{"href":"https:\/\/livelycity.com\/switzerland\/wp-json\/wp\/v2\/posts"}],"about":[{"href":"https:\/\/livelycity.com\/switzerland\/wp-json\/wp\/v2\/types\/post"}],"replies":[{"embeddable":true,"href":"https:\/\/livelycity.com\/switzerland\/wp-json\/wp\/v2\/comments?post=542168"}],"version-history":[{"count":0,"href":"https:\/\/livelycity.com\/switzerland\/wp-json\/wp\/v2\/posts\/542168\/revisions"}],"wp:featuredmedia":[{"embeddable":true,"href":"https:\/\/livelycity.com\/switzerland\/wp-json\/wp\/v2\/media\/542115"}],"wp:attachment":[{"href":"https:\/\/livelycity.com\/switzerland\/wp-json\/wp\/v2\/media?parent=542168"}],"wp:term":[{"taxonomy":"category","embeddable":true,"href":"https:\/\/livelycity.com\/switzerland\/wp-json\/wp\/v2\/categories?post=542168"},{"taxonomy":"post_tag","embeddable":true,"href":"https:\/\/livelycity.com\/switzerland\/wp-json\/wp\/v2\/tags?post=542168"}],"curies":[{"name":"wp","href":"https:\/\/api.w.org\/{rel}","templated":true}]}}