{"id":542102,"date":"2026-08-28T03:30:00","date_gmt":"2026-08-28T03:30:00","guid":{"rendered":"https:\/\/livelycity.com\/switzerland\/sind-wir-schlecht-vorbereitet-auf-die-kunstliche-intelligenz-bill-gates-warnt-vor-der-turbulentesten-zeit-in-der-menschheitsgeschichte\/"},"modified":"2026-08-28T03:30:00","modified_gmt":"2026-08-28T03:30:00","slug":"sind-wir-schlecht-vorbereitet-auf-die-kunstliche-intelligenz-bill-gates-warnt-vor-der-turbulentesten-zeit-in-der-menschheitsgeschichte","status":"publish","type":"post","link":"https:\/\/livelycity.com\/switzerland\/sind-wir-schlecht-vorbereitet-auf-die-kunstliche-intelligenz-bill-gates-warnt-vor-der-turbulentesten-zeit-in-der-menschheitsgeschichte\/","title":{"rendered":"Sind wir schlecht vorbereitet auf die k\u00fcnstliche Intelligenz? Bill Gates warnt vor \u00abder turbulentesten Zeit in der Menschheitsgeschichte\u00bb"},"content":{"rendered":"<p>Der Microsoft-Gr\u00fcnder und Philanthrop fordert in einem Essay Jobs, die f\u00fcr Menschen reserviert bleiben. Und einen Plan f\u00fcr den Umgang mit KI. Doch dass sich die Welt darauf einigt, ist illusorisch.<\/p>\n<p><a href=\"https:\/\/www.nzz.ch\/wirtschaft\/bill-gates-warnt-vor-der-turbulentesten-zeit-in-der-menschheitsgeschichte-ld.10021266\" target=\"_blank\" class=\"\">https:\/\/www.nzz.ch\/wirtschaft\/bill-gates-warnt-vor-der-turbulentesten-zeit-in-der-menschheitsgeschichte-ld.10021266<\/a>\u00a0<\/p>\n","protected":false},"excerpt":{"rendered":"<p>Der Microsoft-Gr\u00fcnder und Philanthrop fordert in einem Essay Jobs, die f\u00fcr Menschen reserviert bleiben. Und einen Plan f\u00fcr den Umgang mit KI. Doch dass sich&#8230;<\/p>\n","protected":false},"author":0,"featured_media":542103,"comment_status":"closed","ping_status":"closed","sticky":false,"template":"","format":"standard","meta":{"_jetpack_memberships_contains_paid_content":false,"footnotes":""},"categories":[6],"tags":[],"class_list":["post-542102","post","type-post","status-publish","format-standard","has-post-thumbnail","hentry","category-neue-zurcher-zeitung","wpcat-6-id"],"jetpack_featured_media_url":"https:\/\/livelycity.com\/switzerland\/wp-content\/uploads\/2026\/08\/62f1cc59-3981-4ddc-a90d-2971e765aada-qvfZ2F.jpg","jetpack_sharing_enabled":true,"_links":{"self":[{"href":"https:\/\/livelycity.com\/switzerland\/wp-json\/wp\/v2\/posts\/542102","targetHints":{"allow":["GET"]}}],"collection":[{"href":"https:\/\/livelycity.com\/switzerland\/wp-json\/wp\/v2\/posts"}],"about":[{"href":"https:\/\/livelycity.com\/switzerland\/wp-json\/wp\/v2\/types\/post"}],"replies":[{"embeddable":true,"href":"https:\/\/livelycity.com\/switzerland\/wp-json\/wp\/v2\/comments?post=542102"}],"version-history":[{"count":0,"href":"https:\/\/livelycity.com\/switzerland\/wp-json\/wp\/v2\/posts\/542102\/revisions"}],"wp:featuredmedia":[{"embeddable":true,"href":"https:\/\/livelycity.com\/switzerland\/wp-json\/wp\/v2\/media\/542103"}],"wp:attachment":[{"href":"https:\/\/livelycity.com\/switzerland\/wp-json\/wp\/v2\/media?parent=542102"}],"wp:term":[{"taxonomy":"category","embeddable":true,"href":"https:\/\/livelycity.com\/switzerland\/wp-json\/wp\/v2\/categories?post=542102"},{"taxonomy":"post_tag","embeddable":true,"href":"https:\/\/livelycity.com\/switzerland\/wp-json\/wp\/v2\/tags?post=542102"}],"curies":[{"name":"wp","href":"https:\/\/api.w.org\/{rel}","templated":true}]}}