{"id":542065,"date":"2026-08-28T03:04:00","date_gmt":"2026-08-28T03:04:00","guid":{"rendered":"https:\/\/livelycity.com\/switzerland\/das-kind-einer-influencerin-wird-in-einer-zurcher-badi-begrapscht-sie-schreit-doch-niemand-hilft-wie-ist-es-um-die-sicherheit-in-den-anlagen-bestellt\/"},"modified":"2026-08-28T03:04:00","modified_gmt":"2026-08-28T03:04:00","slug":"das-kind-einer-influencerin-wird-in-einer-zurcher-badi-begrapscht-sie-schreit-doch-niemand-hilft-wie-ist-es-um-die-sicherheit-in-den-anlagen-bestellt","status":"publish","type":"post","link":"https:\/\/livelycity.com\/switzerland\/das-kind-einer-influencerin-wird-in-einer-zurcher-badi-begrapscht-sie-schreit-doch-niemand-hilft-wie-ist-es-um-die-sicherheit-in-den-anlagen-bestellt\/","title":{"rendered":"Das Kind einer Influencerin wird in einer Z\u00fcrcher Badi begrapscht. Sie schreit \u2013 doch niemand hilft. Wie ist es um die Sicherheit in den Anlagen bestellt?"},"content":{"rendered":"<p>Die st\u00e4dtischen Sommerb\u00e4der setzen auf Eigenverantwortung statt auf einen Sicherheitsdienst. Wo das Konzept an seine Grenzen st\u00f6sst.<\/p>\n<p><a href=\"https:\/\/www.nzz.ch\/zuerich\/eigenverantwortung-in-zuercher-badis-grenzen-des-sicherheitskonzepts-ld.10020274\" target=\"_blank\" class=\"\">https:\/\/www.nzz.ch\/zuerich\/eigenverantwortung-in-zuercher-badis-grenzen-des-sicherheitskonzepts-ld.10020274<\/a>\u00a0<\/p>\n","protected":false},"excerpt":{"rendered":"<p>Die st\u00e4dtischen Sommerb\u00e4der setzen auf Eigenverantwortung statt auf einen Sicherheitsdienst. Wo das Konzept an seine Grenzen st\u00f6sst. https:\/\/www.nzz.ch\/zuerich\/eigenverantwortung-in-zuercher-badis-grenzen-des-sicherheitskonzepts-ld.10020274\u00a0<\/p>\n","protected":false},"author":0,"featured_media":542064,"comment_status":"closed","ping_status":"closed","sticky":false,"template":"","format":"standard","meta":{"_jetpack_memberships_contains_paid_content":false,"footnotes":""},"categories":[6],"tags":[],"class_list":["post-542065","post","type-post","status-publish","format-standard","has-post-thumbnail","hentry","category-neue-zurcher-zeitung","wpcat-6-id"],"jetpack_featured_media_url":"https:\/\/livelycity.com\/switzerland\/wp-content\/uploads\/2026\/08\/3363f062-8bdf-4a5b-9874-8ec92ea87124-JHaBnR.jpg","jetpack_sharing_enabled":true,"_links":{"self":[{"href":"https:\/\/livelycity.com\/switzerland\/wp-json\/wp\/v2\/posts\/542065","targetHints":{"allow":["GET"]}}],"collection":[{"href":"https:\/\/livelycity.com\/switzerland\/wp-json\/wp\/v2\/posts"}],"about":[{"href":"https:\/\/livelycity.com\/switzerland\/wp-json\/wp\/v2\/types\/post"}],"replies":[{"embeddable":true,"href":"https:\/\/livelycity.com\/switzerland\/wp-json\/wp\/v2\/comments?post=542065"}],"version-history":[{"count":0,"href":"https:\/\/livelycity.com\/switzerland\/wp-json\/wp\/v2\/posts\/542065\/revisions"}],"wp:featuredmedia":[{"embeddable":true,"href":"https:\/\/livelycity.com\/switzerland\/wp-json\/wp\/v2\/media\/542064"}],"wp:attachment":[{"href":"https:\/\/livelycity.com\/switzerland\/wp-json\/wp\/v2\/media?parent=542065"}],"wp:term":[{"taxonomy":"category","embeddable":true,"href":"https:\/\/livelycity.com\/switzerland\/wp-json\/wp\/v2\/categories?post=542065"},{"taxonomy":"post_tag","embeddable":true,"href":"https:\/\/livelycity.com\/switzerland\/wp-json\/wp\/v2\/tags?post=542065"}],"curies":[{"name":"wp","href":"https:\/\/api.w.org\/{rel}","templated":true}]}}