{"id":542057,"date":"2026-08-27T17:28:51","date_gmt":"2026-08-27T17:28:51","guid":{"rendered":"https:\/\/livelycity.com\/switzerland\/valerie-dittli-verlasst-die-mitte-und-grundet-eine-neue-partei\/"},"modified":"2026-08-27T17:28:51","modified_gmt":"2026-08-27T17:28:51","slug":"valerie-dittli-verlasst-die-mitte-und-grundet-eine-neue-partei","status":"publish","type":"post","link":"https:\/\/livelycity.com\/switzerland\/valerie-dittli-verlasst-die-mitte-und-grundet-eine-neue-partei\/","title":{"rendered":"Val\u00e9rie Dittli verl\u00e4sst die Mitte und gr\u00fcndet eine neue Partei"},"content":{"rendered":"<p>Val\u00e9rie Dittli verl\u00e4sst die Mitte und gr\u00fcndet eine eigene Partei. Sie will 2027 erneut als Staatsr\u00e4tin kandidieren.<\/p>\n<p><a href=\"https:\/\/www.20min.ch\/story\/kanton-waadt-valerie-dittli-verlaesst-die-mitte-und-gruendet-eine-neue-partei-103623575\" target=\"_blank\" class=\"\">https:\/\/www.20min.ch\/story\/kanton-waadt-valerie-dittli-verlaesst-die-mitte-und-gruendet-eine-neue-partei-103623575<\/a>\u00a0<\/p>\n","protected":false},"excerpt":{"rendered":"<p>Val\u00e9rie Dittli verl\u00e4sst die Mitte und gr\u00fcndet eine eigene Partei. Sie will 2027 erneut als Staatsr\u00e4tin kandidieren. https:\/\/www.20min.ch\/story\/kanton-waadt-valerie-dittli-verlaesst-die-mitte-und-gruendet-eine-neue-partei-103623575\u00a0<\/p>\n","protected":false},"author":0,"featured_media":541875,"comment_status":"closed","ping_status":"closed","sticky":false,"template":"","format":"standard","meta":{"_jetpack_memberships_contains_paid_content":false,"footnotes":""},"categories":[3],"tags":[],"class_list":["post-542057","post","type-post","status-publish","format-standard","has-post-thumbnail","hentry","category-20-minuten","wpcat-3-id"],"jetpack_featured_media_url":"https:\/\/livelycity.com\/switzerland\/wp-content\/uploads\/2026\/08\/01af873f-5be9-45ca-b2e8-bc400d795137-6hgVRk-scaled.jpg","jetpack_sharing_enabled":true,"_links":{"self":[{"href":"https:\/\/livelycity.com\/switzerland\/wp-json\/wp\/v2\/posts\/542057","targetHints":{"allow":["GET"]}}],"collection":[{"href":"https:\/\/livelycity.com\/switzerland\/wp-json\/wp\/v2\/posts"}],"about":[{"href":"https:\/\/livelycity.com\/switzerland\/wp-json\/wp\/v2\/types\/post"}],"replies":[{"embeddable":true,"href":"https:\/\/livelycity.com\/switzerland\/wp-json\/wp\/v2\/comments?post=542057"}],"version-history":[{"count":0,"href":"https:\/\/livelycity.com\/switzerland\/wp-json\/wp\/v2\/posts\/542057\/revisions"}],"wp:featuredmedia":[{"embeddable":true,"href":"https:\/\/livelycity.com\/switzerland\/wp-json\/wp\/v2\/media\/541875"}],"wp:attachment":[{"href":"https:\/\/livelycity.com\/switzerland\/wp-json\/wp\/v2\/media?parent=542057"}],"wp:term":[{"taxonomy":"category","embeddable":true,"href":"https:\/\/livelycity.com\/switzerland\/wp-json\/wp\/v2\/categories?post=542057"},{"taxonomy":"post_tag","embeddable":true,"href":"https:\/\/livelycity.com\/switzerland\/wp-json\/wp\/v2\/tags?post=542057"}],"curies":[{"name":"wp","href":"https:\/\/api.w.org\/{rel}","templated":true}]}}