{"id":541870,"date":"2026-08-27T17:46:37","date_gmt":"2026-08-27T17:46:37","guid":{"rendered":"https:\/\/livelycity.com\/switzerland\/valerie-dittli-verlasst-die-waadtlander-mitte-und-will-eine-eigene-partei-grunden\/"},"modified":"2026-08-27T17:46:37","modified_gmt":"2026-08-27T17:46:37","slug":"valerie-dittli-verlasst-die-waadtlander-mitte-und-will-eine-eigene-partei-grunden","status":"publish","type":"post","link":"https:\/\/livelycity.com\/switzerland\/valerie-dittli-verlasst-die-waadtlander-mitte-und-will-eine-eigene-partei-grunden\/","title":{"rendered":"Val\u00e9rie Dittli verl\u00e4sst die Waadtl\u00e4nder Mitte \u2013 und will eine eigene Partei gr\u00fcnden"},"content":{"rendered":"<p>In einem Interview mit der Zeitung \u00abLe Temps\u00bb k\u00fcndigt die umstrittene Staatsr\u00e4tin die Gr\u00fcndung einer neuen Partei an.<\/p>\n<p><a href=\"https:\/\/www.nzz.ch\/schweiz\/valerie-dittli-verlaesst-die-waadtlaender-mitte-und-will-eine-eigene-partei-gruenden-ld.10021390\" target=\"_blank\" class=\"\">https:\/\/www.nzz.ch\/schweiz\/valerie-dittli-verlaesst-die-waadtlaender-mitte-und-will-eine-eigene-partei-gruenden-ld.10021390<\/a>\u00a0<\/p>\n","protected":false},"excerpt":{"rendered":"<p>In einem Interview mit der Zeitung \u00abLe Temps\u00bb k\u00fcndigt die umstrittene Staatsr\u00e4tin die Gr\u00fcndung einer neuen Partei an. https:\/\/www.nzz.ch\/schweiz\/valerie-dittli-verlaesst-die-waadtlaender-mitte-und-will-eine-eigene-partei-gruenden-ld.10021390\u00a0<\/p>\n","protected":false},"author":0,"featured_media":541871,"comment_status":"closed","ping_status":"closed","sticky":false,"template":"","format":"standard","meta":{"_jetpack_memberships_contains_paid_content":false,"footnotes":""},"categories":[6],"tags":[],"class_list":["post-541870","post","type-post","status-publish","format-standard","has-post-thumbnail","hentry","category-neue-zurcher-zeitung","wpcat-6-id"],"jetpack_featured_media_url":"https:\/\/livelycity.com\/switzerland\/wp-content\/uploads\/2026\/08\/10b2b3b9-cb79-4e15-861c-a56e19ba96ef-cp87IE.jpg","jetpack_sharing_enabled":true,"_links":{"self":[{"href":"https:\/\/livelycity.com\/switzerland\/wp-json\/wp\/v2\/posts\/541870","targetHints":{"allow":["GET"]}}],"collection":[{"href":"https:\/\/livelycity.com\/switzerland\/wp-json\/wp\/v2\/posts"}],"about":[{"href":"https:\/\/livelycity.com\/switzerland\/wp-json\/wp\/v2\/types\/post"}],"replies":[{"embeddable":true,"href":"https:\/\/livelycity.com\/switzerland\/wp-json\/wp\/v2\/comments?post=541870"}],"version-history":[{"count":0,"href":"https:\/\/livelycity.com\/switzerland\/wp-json\/wp\/v2\/posts\/541870\/revisions"}],"wp:featuredmedia":[{"embeddable":true,"href":"https:\/\/livelycity.com\/switzerland\/wp-json\/wp\/v2\/media\/541871"}],"wp:attachment":[{"href":"https:\/\/livelycity.com\/switzerland\/wp-json\/wp\/v2\/media?parent=541870"}],"wp:term":[{"taxonomy":"category","embeddable":true,"href":"https:\/\/livelycity.com\/switzerland\/wp-json\/wp\/v2\/categories?post=541870"},{"taxonomy":"post_tag","embeddable":true,"href":"https:\/\/livelycity.com\/switzerland\/wp-json\/wp\/v2\/tags?post=541870"}],"curies":[{"name":"wp","href":"https:\/\/api.w.org\/{rel}","templated":true}]}}