{"id":541572,"date":"2026-08-27T02:55:25","date_gmt":"2026-08-27T02:55:25","guid":{"rendered":"https:\/\/livelycity.com\/switzerland\/haben-alles-verloren-michael-kampft-nach-brand-um-seinen-hof\/"},"modified":"2026-08-27T02:55:25","modified_gmt":"2026-08-27T02:55:25","slug":"haben-alles-verloren-michael-kampft-nach-brand-um-seinen-hof","status":"publish","type":"post","link":"https:\/\/livelycity.com\/switzerland\/haben-alles-verloren-michael-kampft-nach-brand-um-seinen-hof\/","title":{"rendered":"\u00abHaben alles verloren\u00bb \u2013 Michael k\u00e4mpft nach Brand um seinen Hof"},"content":{"rendered":"<p>Ein Brand zerst\u00f6rte Michael Keuschs Stall. Die H\u00e4lfte seiner K\u00fche musste er deshalb weggeben. Nun k\u00e4mpft der sechsfache Vater um die Zukunft seines Hofs.<\/p>\n<p><a href=\"https:\/\/www.20min.ch\/story\/nach-stallbrand-in-hilfikon-ag-michael-keusch-fehlen-platz-und-futter-fuer-kuehe-103622717\" target=\"_blank\" class=\"\">https:\/\/www.20min.ch\/story\/nach-stallbrand-in-hilfikon-ag-michael-keusch-fehlen-platz-und-futter-fuer-kuehe-103622717<\/a>\u00a0<\/p>\n","protected":false},"excerpt":{"rendered":"<p>Ein Brand zerst\u00f6rte Michael Keuschs Stall. Die H\u00e4lfte seiner K\u00fche musste er deshalb weggeben. Nun k\u00e4mpft der sechsfache Vater um die Zukunft seines Hofs. https:\/\/www.20min.ch\/story\/nach-stallbrand-in-hilfikon-ag-michael-keusch-fehlen-platz-und-futter-fuer-kuehe-103622717\u00a0<\/p>\n","protected":false},"author":0,"featured_media":541454,"comment_status":"closed","ping_status":"closed","sticky":false,"template":"","format":"standard","meta":{"_jetpack_memberships_contains_paid_content":false,"footnotes":""},"categories":[3],"tags":[],"class_list":["post-541572","post","type-post","status-publish","format-standard","has-post-thumbnail","hentry","category-20-minuten","wpcat-3-id"],"jetpack_featured_media_url":"https:\/\/livelycity.com\/switzerland\/wp-content\/uploads\/2026\/08\/ffc17404-5586-4dfc-ba8e-9a34c03c9ee3-GziTvH.jpg","jetpack_sharing_enabled":true,"_links":{"self":[{"href":"https:\/\/livelycity.com\/switzerland\/wp-json\/wp\/v2\/posts\/541572","targetHints":{"allow":["GET"]}}],"collection":[{"href":"https:\/\/livelycity.com\/switzerland\/wp-json\/wp\/v2\/posts"}],"about":[{"href":"https:\/\/livelycity.com\/switzerland\/wp-json\/wp\/v2\/types\/post"}],"replies":[{"embeddable":true,"href":"https:\/\/livelycity.com\/switzerland\/wp-json\/wp\/v2\/comments?post=541572"}],"version-history":[{"count":0,"href":"https:\/\/livelycity.com\/switzerland\/wp-json\/wp\/v2\/posts\/541572\/revisions"}],"wp:featuredmedia":[{"embeddable":true,"href":"https:\/\/livelycity.com\/switzerland\/wp-json\/wp\/v2\/media\/541454"}],"wp:attachment":[{"href":"https:\/\/livelycity.com\/switzerland\/wp-json\/wp\/v2\/media?parent=541572"}],"wp:term":[{"taxonomy":"category","embeddable":true,"href":"https:\/\/livelycity.com\/switzerland\/wp-json\/wp\/v2\/categories?post=541572"},{"taxonomy":"post_tag","embeddable":true,"href":"https:\/\/livelycity.com\/switzerland\/wp-json\/wp\/v2\/tags?post=541572"}],"curies":[{"name":"wp","href":"https:\/\/api.w.org\/{rel}","templated":true}]}}