{"id":541563,"date":"2026-08-27T03:02:42","date_gmt":"2026-08-27T03:02:42","guid":{"rendered":"https:\/\/livelycity.com\/switzerland\/von-53-auf-71-kilo-wie-cyrill-gegen-seine-essstorung-vorging\/"},"modified":"2026-08-27T03:02:42","modified_gmt":"2026-08-27T03:02:42","slug":"von-53-auf-71-kilo-wie-cyrill-gegen-seine-essstorung-vorging","status":"publish","type":"post","link":"https:\/\/livelycity.com\/switzerland\/von-53-auf-71-kilo-wie-cyrill-gegen-seine-essstorung-vorging\/","title":{"rendered":"Von 53 auf 71 Kilo: Wie Cyrill gegen seine Essst\u00f6rung vorging"},"content":{"rendered":"<p>Ohne Therapieplatz arbeitete der 25-j\u00e4hrige Luzerner allein an seiner Mentalit\u00e4t \u2013 und nutzt Social Media heute als Archiv seiner Ver\u00e4nderung.<\/p>\n<p><a href=\"https:\/\/www.20min.ch\/story\/cyrill-carter-kaempfte-ohne-therapieplatz-gegen-seine-essstoerung-103620976\" target=\"_blank\" class=\"\">https:\/\/www.20min.ch\/story\/cyrill-carter-kaempfte-ohne-therapieplatz-gegen-seine-essstoerung-103620976<\/a>\u00a0<\/p>\n","protected":false},"excerpt":{"rendered":"<p>Ohne Therapieplatz arbeitete der 25-j\u00e4hrige Luzerner allein an seiner Mentalit\u00e4t \u2013 und nutzt Social Media heute als Archiv seiner Ver\u00e4nderung. https:\/\/www.20min.ch\/story\/cyrill-carter-kaempfte-ohne-therapieplatz-gegen-seine-essstoerung-103620976\u00a0<\/p>\n","protected":false},"author":0,"featured_media":541460,"comment_status":"closed","ping_status":"closed","sticky":false,"template":"","format":"standard","meta":{"_jetpack_memberships_contains_paid_content":false,"footnotes":""},"categories":[3],"tags":[],"class_list":["post-541563","post","type-post","status-publish","format-standard","has-post-thumbnail","hentry","category-20-minuten","wpcat-3-id"],"jetpack_featured_media_url":"https:\/\/livelycity.com\/switzerland\/wp-content\/uploads\/2026\/08\/0db03319-29c9-4b9a-834f-c5b24843ab76-goEA5B.jpg","jetpack_sharing_enabled":true,"_links":{"self":[{"href":"https:\/\/livelycity.com\/switzerland\/wp-json\/wp\/v2\/posts\/541563","targetHints":{"allow":["GET"]}}],"collection":[{"href":"https:\/\/livelycity.com\/switzerland\/wp-json\/wp\/v2\/posts"}],"about":[{"href":"https:\/\/livelycity.com\/switzerland\/wp-json\/wp\/v2\/types\/post"}],"replies":[{"embeddable":true,"href":"https:\/\/livelycity.com\/switzerland\/wp-json\/wp\/v2\/comments?post=541563"}],"version-history":[{"count":0,"href":"https:\/\/livelycity.com\/switzerland\/wp-json\/wp\/v2\/posts\/541563\/revisions"}],"wp:featuredmedia":[{"embeddable":true,"href":"https:\/\/livelycity.com\/switzerland\/wp-json\/wp\/v2\/media\/541460"}],"wp:attachment":[{"href":"https:\/\/livelycity.com\/switzerland\/wp-json\/wp\/v2\/media?parent=541563"}],"wp:term":[{"taxonomy":"category","embeddable":true,"href":"https:\/\/livelycity.com\/switzerland\/wp-json\/wp\/v2\/categories?post=541563"},{"taxonomy":"post_tag","embeddable":true,"href":"https:\/\/livelycity.com\/switzerland\/wp-json\/wp\/v2\/tags?post=541563"}],"curies":[{"name":"wp","href":"https:\/\/api.w.org\/{rel}","templated":true}]}}