{"id":541562,"date":"2026-08-27T00:14:53","date_gmt":"2026-08-27T00:14:53","guid":{"rendered":"https:\/\/livelycity.com\/switzerland\/bluttat-erschuttert-montana-acht-opfer-zwischen-7-und-92-jahren\/"},"modified":"2026-08-27T00:14:53","modified_gmt":"2026-08-27T00:14:53","slug":"bluttat-erschuttert-montana-acht-opfer-zwischen-7-und-92-jahren","status":"publish","type":"post","link":"https:\/\/livelycity.com\/switzerland\/bluttat-erschuttert-montana-acht-opfer-zwischen-7-und-92-jahren\/","title":{"rendered":"Bluttat ersch\u00fcttert Montana: Acht Opfer zwischen 7 und 92 Jahren"},"content":{"rendered":"<p>In der US-Stadt Billings brennt ein Haus ab, es fallen Sch\u00fcsse. Die Ermittler finden mehrere Leichen. Der mutmassliche Sch\u00fctze soll seine Eltern, seine Schwester, deren Kinder und sein Grosi get\u00f6tet haben.<\/p>\n<p><a href=\"https:\/\/www.20min.ch\/story\/usa-montana-bluttat-acht-opfer-familie-getoetet-103623137\" target=\"_blank\" class=\"\">https:\/\/www.20min.ch\/story\/usa-montana-bluttat-acht-opfer-familie-getoetet-103623137<\/a>\u00a0<\/p>\n","protected":false},"excerpt":{"rendered":"<p>In der US-Stadt Billings brennt ein Haus ab, es fallen Sch\u00fcsse. Die Ermittler finden mehrere Leichen. Der mutmassliche Sch\u00fctze soll seine Eltern, seine Schwester, deren&#8230;<\/p>\n","protected":false},"author":0,"featured_media":541469,"comment_status":"closed","ping_status":"closed","sticky":false,"template":"","format":"standard","meta":{"_jetpack_memberships_contains_paid_content":false,"footnotes":""},"categories":[3],"tags":[],"class_list":["post-541562","post","type-post","status-publish","format-standard","has-post-thumbnail","hentry","category-20-minuten","wpcat-3-id"],"jetpack_featured_media_url":"https:\/\/livelycity.com\/switzerland\/wp-content\/uploads\/2026\/08\/92139edc-6b3d-4d28-bb99-2c5375cb95f1-QnGVDf.jpg","jetpack_sharing_enabled":true,"_links":{"self":[{"href":"https:\/\/livelycity.com\/switzerland\/wp-json\/wp\/v2\/posts\/541562","targetHints":{"allow":["GET"]}}],"collection":[{"href":"https:\/\/livelycity.com\/switzerland\/wp-json\/wp\/v2\/posts"}],"about":[{"href":"https:\/\/livelycity.com\/switzerland\/wp-json\/wp\/v2\/types\/post"}],"replies":[{"embeddable":true,"href":"https:\/\/livelycity.com\/switzerland\/wp-json\/wp\/v2\/comments?post=541562"}],"version-history":[{"count":0,"href":"https:\/\/livelycity.com\/switzerland\/wp-json\/wp\/v2\/posts\/541562\/revisions"}],"wp:featuredmedia":[{"embeddable":true,"href":"https:\/\/livelycity.com\/switzerland\/wp-json\/wp\/v2\/media\/541469"}],"wp:attachment":[{"href":"https:\/\/livelycity.com\/switzerland\/wp-json\/wp\/v2\/media?parent=541562"}],"wp:term":[{"taxonomy":"category","embeddable":true,"href":"https:\/\/livelycity.com\/switzerland\/wp-json\/wp\/v2\/categories?post=541562"},{"taxonomy":"post_tag","embeddable":true,"href":"https:\/\/livelycity.com\/switzerland\/wp-json\/wp\/v2\/tags?post=541562"}],"curies":[{"name":"wp","href":"https:\/\/api.w.org\/{rel}","templated":true}]}}