{"id":541451,"date":"2026-08-27T03:00:00","date_gmt":"2026-08-27T03:00:00","guid":{"rendered":"https:\/\/livelycity.com\/switzerland\/dem-grossten-argernis-im-stadtverkehr-geht-es-an-den-kragen-dem-e-trottinett\/"},"modified":"2026-08-27T03:00:00","modified_gmt":"2026-08-27T03:00:00","slug":"dem-grossten-argernis-im-stadtverkehr-geht-es-an-den-kragen-dem-e-trottinett","status":"publish","type":"post","link":"https:\/\/livelycity.com\/switzerland\/dem-grossten-argernis-im-stadtverkehr-geht-es-an-den-kragen-dem-e-trottinett\/","title":{"rendered":"Dem gr\u00f6ssten \u00c4rgernis im Stadtverkehr geht es an den Kragen: dem E-Trottinett"},"content":{"rendered":"<p>Der Z\u00fcrcher Stadtrat versch\u00e4rft die Regeln f\u00fcr Anbieter von Elektroscootern. Das Parlament legt noch eine Schippe drauf. Ist es das Ende der Mikromobilit\u00e4t?<\/p>\n<p><a href=\"https:\/\/www.nzz.ch\/zuerich\/zuerich-verschaerft-regeln-fuer-e-trottinetts-neue-massnahmen-ld.10021187\" target=\"_blank\" class=\"\">https:\/\/www.nzz.ch\/zuerich\/zuerich-verschaerft-regeln-fuer-e-trottinetts-neue-massnahmen-ld.10021187<\/a>\u00a0<\/p>\n","protected":false},"excerpt":{"rendered":"<p>Der Z\u00fcrcher Stadtrat versch\u00e4rft die Regeln f\u00fcr Anbieter von Elektroscootern. Das Parlament legt noch eine Schippe drauf. Ist es das Ende der Mikromobilit\u00e4t? https:\/\/www.nzz.ch\/zuerich\/zuerich-verschaerft-regeln-fuer-e-trottinetts-neue-massnahmen-ld.10021187\u00a0<\/p>\n","protected":false},"author":0,"featured_media":541446,"comment_status":"closed","ping_status":"closed","sticky":false,"template":"","format":"standard","meta":{"_jetpack_memberships_contains_paid_content":false,"footnotes":""},"categories":[6],"tags":[],"class_list":["post-541451","post","type-post","status-publish","format-standard","has-post-thumbnail","hentry","category-neue-zurcher-zeitung","wpcat-6-id"],"jetpack_featured_media_url":"https:\/\/livelycity.com\/switzerland\/wp-content\/uploads\/2026\/08\/558f1b5b-9128-4f8e-b1bd-b717b9247400-cQH3EJ.jpg","jetpack_sharing_enabled":true,"_links":{"self":[{"href":"https:\/\/livelycity.com\/switzerland\/wp-json\/wp\/v2\/posts\/541451","targetHints":{"allow":["GET"]}}],"collection":[{"href":"https:\/\/livelycity.com\/switzerland\/wp-json\/wp\/v2\/posts"}],"about":[{"href":"https:\/\/livelycity.com\/switzerland\/wp-json\/wp\/v2\/types\/post"}],"replies":[{"embeddable":true,"href":"https:\/\/livelycity.com\/switzerland\/wp-json\/wp\/v2\/comments?post=541451"}],"version-history":[{"count":0,"href":"https:\/\/livelycity.com\/switzerland\/wp-json\/wp\/v2\/posts\/541451\/revisions"}],"wp:featuredmedia":[{"embeddable":true,"href":"https:\/\/livelycity.com\/switzerland\/wp-json\/wp\/v2\/media\/541446"}],"wp:attachment":[{"href":"https:\/\/livelycity.com\/switzerland\/wp-json\/wp\/v2\/media?parent=541451"}],"wp:term":[{"taxonomy":"category","embeddable":true,"href":"https:\/\/livelycity.com\/switzerland\/wp-json\/wp\/v2\/categories?post=541451"},{"taxonomy":"post_tag","embeddable":true,"href":"https:\/\/livelycity.com\/switzerland\/wp-json\/wp\/v2\/tags?post=541451"}],"curies":[{"name":"wp","href":"https:\/\/api.w.org\/{rel}","templated":true}]}}