{"id":541439,"date":"2026-08-26T19:11:51","date_gmt":"2026-08-26T19:11:51","guid":{"rendered":"https:\/\/livelycity.com\/switzerland\/andreas-glarner-tritt-zuruck-das-waren-seine-grossten-aufreger\/"},"modified":"2026-08-26T19:11:51","modified_gmt":"2026-08-26T19:11:51","slug":"andreas-glarner-tritt-zuruck-das-waren-seine-grossten-aufreger","status":"publish","type":"post","link":"https:\/\/livelycity.com\/switzerland\/andreas-glarner-tritt-zuruck-das-waren-seine-grossten-aufreger\/","title":{"rendered":"Andreas Glarner tritt zur\u00fcck: Das waren seine gr\u00f6ssten Aufreger"},"content":{"rendered":"<p>Andreas Glarner tritt Ende Jahr zur\u00fcck. Der SVP-Nationalrat pr\u00e4gte die Aargauer wie nationale Politik \u00fcber Jahre \u2013 und sorgte mit provokanten Aktionen immer wieder f\u00fcr Schlagzeilen.<\/p>\n<p><a href=\"https:\/\/www.20min.ch\/story\/ruecktritt-per-ende-jahr-das-waren-glarners-groessten-provokationen-103623101\" target=\"_blank\" class=\"\">https:\/\/www.20min.ch\/story\/ruecktritt-per-ende-jahr-das-waren-glarners-groessten-provokationen-103623101<\/a>\u00a0<\/p>\n","protected":false},"excerpt":{"rendered":"<p>Andreas Glarner tritt Ende Jahr zur\u00fcck. Der SVP-Nationalrat pr\u00e4gte die Aargauer wie nationale Politik \u00fcber Jahre \u2013 und sorgte mit provokanten Aktionen immer wieder f\u00fcr&#8230;<\/p>\n","protected":false},"author":0,"featured_media":541284,"comment_status":"closed","ping_status":"closed","sticky":false,"template":"","format":"standard","meta":{"_jetpack_memberships_contains_paid_content":false,"footnotes":""},"categories":[3],"tags":[],"class_list":["post-541439","post","type-post","status-publish","format-standard","has-post-thumbnail","hentry","category-20-minuten","wpcat-3-id"],"jetpack_featured_media_url":"https:\/\/livelycity.com\/switzerland\/wp-content\/uploads\/2026\/08\/57f244e5-9e9b-4378-8c9a-461526565cff-SH6k5Z-scaled.jpg","jetpack_sharing_enabled":true,"_links":{"self":[{"href":"https:\/\/livelycity.com\/switzerland\/wp-json\/wp\/v2\/posts\/541439","targetHints":{"allow":["GET"]}}],"collection":[{"href":"https:\/\/livelycity.com\/switzerland\/wp-json\/wp\/v2\/posts"}],"about":[{"href":"https:\/\/livelycity.com\/switzerland\/wp-json\/wp\/v2\/types\/post"}],"replies":[{"embeddable":true,"href":"https:\/\/livelycity.com\/switzerland\/wp-json\/wp\/v2\/comments?post=541439"}],"version-history":[{"count":0,"href":"https:\/\/livelycity.com\/switzerland\/wp-json\/wp\/v2\/posts\/541439\/revisions"}],"wp:featuredmedia":[{"embeddable":true,"href":"https:\/\/livelycity.com\/switzerland\/wp-json\/wp\/v2\/media\/541284"}],"wp:attachment":[{"href":"https:\/\/livelycity.com\/switzerland\/wp-json\/wp\/v2\/media?parent=541439"}],"wp:term":[{"taxonomy":"category","embeddable":true,"href":"https:\/\/livelycity.com\/switzerland\/wp-json\/wp\/v2\/categories?post=541439"},{"taxonomy":"post_tag","embeddable":true,"href":"https:\/\/livelycity.com\/switzerland\/wp-json\/wp\/v2\/tags?post=541439"}],"curies":[{"name":"wp","href":"https:\/\/api.w.org\/{rel}","templated":true}]}}