{"id":541438,"date":"2026-08-26T18:13:51","date_gmt":"2026-08-26T18:13:51","guid":{"rendered":"https:\/\/livelycity.com\/switzerland\/svp-glarner-gibt-nationalrats-mandat-ab\/"},"modified":"2026-08-26T18:13:51","modified_gmt":"2026-08-26T18:13:51","slug":"svp-glarner-gibt-nationalrats-mandat-ab","status":"publish","type":"post","link":"https:\/\/livelycity.com\/switzerland\/svp-glarner-gibt-nationalrats-mandat-ab\/","title":{"rendered":"SVP-Glarner gibt Nationalrats-Mandat ab"},"content":{"rendered":"<p>Zugleich tritt der 63-J\u00e4hrige auch von seinem Posten als Pr\u00e4sident der SVP Aargau zur\u00fcck. Der Doppelr\u00fccktritt kommt \u00fcberraschend.<\/p>\n<p><a href=\"https:\/\/www.20min.ch\/story\/per-ende-2026-svp-glarner-gibt-nationalrats-mandat-ab-103623095\" target=\"_blank\" class=\"\">https:\/\/www.20min.ch\/story\/per-ende-2026-svp-glarner-gibt-nationalrats-mandat-ab-103623095<\/a>\u00a0<\/p>\n","protected":false},"excerpt":{"rendered":"<p>Zugleich tritt der 63-J\u00e4hrige auch von seinem Posten als Pr\u00e4sident der SVP Aargau zur\u00fcck. Der Doppelr\u00fccktritt kommt \u00fcberraschend. https:\/\/www.20min.ch\/story\/per-ende-2026-svp-glarner-gibt-nationalrats-mandat-ab-103623095\u00a0<\/p>\n","protected":false},"author":0,"featured_media":541253,"comment_status":"closed","ping_status":"closed","sticky":false,"template":"","format":"standard","meta":{"_jetpack_memberships_contains_paid_content":false,"footnotes":""},"categories":[3],"tags":[],"class_list":["post-541438","post","type-post","status-publish","format-standard","has-post-thumbnail","hentry","category-20-minuten","wpcat-3-id"],"jetpack_featured_media_url":"https:\/\/livelycity.com\/switzerland\/wp-content\/uploads\/2026\/08\/6952099a-d63c-44b5-a996-4893471992c0-0FN500-scaled.jpg","jetpack_sharing_enabled":true,"_links":{"self":[{"href":"https:\/\/livelycity.com\/switzerland\/wp-json\/wp\/v2\/posts\/541438","targetHints":{"allow":["GET"]}}],"collection":[{"href":"https:\/\/livelycity.com\/switzerland\/wp-json\/wp\/v2\/posts"}],"about":[{"href":"https:\/\/livelycity.com\/switzerland\/wp-json\/wp\/v2\/types\/post"}],"replies":[{"embeddable":true,"href":"https:\/\/livelycity.com\/switzerland\/wp-json\/wp\/v2\/comments?post=541438"}],"version-history":[{"count":0,"href":"https:\/\/livelycity.com\/switzerland\/wp-json\/wp\/v2\/posts\/541438\/revisions"}],"wp:featuredmedia":[{"embeddable":true,"href":"https:\/\/livelycity.com\/switzerland\/wp-json\/wp\/v2\/media\/541253"}],"wp:attachment":[{"href":"https:\/\/livelycity.com\/switzerland\/wp-json\/wp\/v2\/media?parent=541438"}],"wp:term":[{"taxonomy":"category","embeddable":true,"href":"https:\/\/livelycity.com\/switzerland\/wp-json\/wp\/v2\/categories?post=541438"},{"taxonomy":"post_tag","embeddable":true,"href":"https:\/\/livelycity.com\/switzerland\/wp-json\/wp\/v2\/tags?post=541438"}],"curies":[{"name":"wp","href":"https:\/\/api.w.org\/{rel}","templated":true}]}}