{"id":541422,"date":"2026-08-26T18:10:16","date_gmt":"2026-08-26T18:10:16","guid":{"rendered":"https:\/\/livelycity.com\/switzerland\/moser-springt-in-der-kathedrale-zurich-hb-zu-neuem-landesrekord\/"},"modified":"2026-08-26T18:10:16","modified_gmt":"2026-08-26T18:10:16","slug":"moser-springt-in-der-kathedrale-zurich-hb-zu-neuem-landesrekord","status":"publish","type":"post","link":"https:\/\/livelycity.com\/switzerland\/moser-springt-in-der-kathedrale-zurich-hb-zu-neuem-landesrekord\/","title":{"rendered":"Moser springt in der \u00abKathedrale\u00bb Z\u00fcrich HB zu neuem Landesrekord"},"content":{"rendered":"<p>Stabhochspringerin Angelica Moser landet zum ersten Mal in ihrer Karriere bei Weltklasse Z\u00fcrich auf dem Podest \u2013 befl\u00fcgelt von der Atmosph\u00e4re am Z\u00fcrcher Hauptbahnhof.<\/p>\n<p><a href=\"https:\/\/www.20min.ch\/story\/weltklasse-zuerich-moser-springt-in-der-kathedrale-zuerich-hb-auf-den-zweiten-platz-103623031\" target=\"_blank\" class=\"\">https:\/\/www.20min.ch\/story\/weltklasse-zuerich-moser-springt-in-der-kathedrale-zuerich-hb-auf-den-zweiten-platz-103623031<\/a>\u00a0<\/p>\n","protected":false},"excerpt":{"rendered":"<p>Stabhochspringerin Angelica Moser landet zum ersten Mal in ihrer Karriere bei Weltklasse Z\u00fcrich auf dem Podest \u2013 befl\u00fcgelt von der Atmosph\u00e4re am Z\u00fcrcher Hauptbahnhof. https:\/\/www.20min.ch\/story\/weltklasse-zuerich-moser-springt-in-der-kathedrale-zuerich-hb-auf-den-zweiten-platz-103623031\u00a0<\/p>\n","protected":false},"author":0,"featured_media":541288,"comment_status":"closed","ping_status":"closed","sticky":false,"template":"","format":"standard","meta":{"_jetpack_memberships_contains_paid_content":false,"footnotes":""},"categories":[3],"tags":[],"class_list":["post-541422","post","type-post","status-publish","format-standard","has-post-thumbnail","hentry","category-20-minuten","wpcat-3-id"],"jetpack_featured_media_url":"https:\/\/livelycity.com\/switzerland\/wp-content\/uploads\/2026\/08\/e5bf1b2c-657d-4237-8221-582c5d2a6182-vfYsYw-scaled.jpg","jetpack_sharing_enabled":true,"_links":{"self":[{"href":"https:\/\/livelycity.com\/switzerland\/wp-json\/wp\/v2\/posts\/541422","targetHints":{"allow":["GET"]}}],"collection":[{"href":"https:\/\/livelycity.com\/switzerland\/wp-json\/wp\/v2\/posts"}],"about":[{"href":"https:\/\/livelycity.com\/switzerland\/wp-json\/wp\/v2\/types\/post"}],"replies":[{"embeddable":true,"href":"https:\/\/livelycity.com\/switzerland\/wp-json\/wp\/v2\/comments?post=541422"}],"version-history":[{"count":0,"href":"https:\/\/livelycity.com\/switzerland\/wp-json\/wp\/v2\/posts\/541422\/revisions"}],"wp:featuredmedia":[{"embeddable":true,"href":"https:\/\/livelycity.com\/switzerland\/wp-json\/wp\/v2\/media\/541288"}],"wp:attachment":[{"href":"https:\/\/livelycity.com\/switzerland\/wp-json\/wp\/v2\/media?parent=541422"}],"wp:term":[{"taxonomy":"category","embeddable":true,"href":"https:\/\/livelycity.com\/switzerland\/wp-json\/wp\/v2\/categories?post=541422"},{"taxonomy":"post_tag","embeddable":true,"href":"https:\/\/livelycity.com\/switzerland\/wp-json\/wp\/v2\/tags?post=541422"}],"curies":[{"name":"wp","href":"https:\/\/api.w.org\/{rel}","templated":true}]}}