{"id":541279,"date":"2026-08-26T19:15:01","date_gmt":"2026-08-26T19:15:01","guid":{"rendered":"https:\/\/livelycity.com\/switzerland\/schweiz-andreas-glarner-tritt-als-nationalrat-und-svp-kantonalprasident-zuruck-bund-fuhrt-biometrische-identitatskarte-ein\/"},"modified":"2026-08-26T19:15:01","modified_gmt":"2026-08-26T19:15:01","slug":"schweiz-andreas-glarner-tritt-als-nationalrat-und-svp-kantonalprasident-zuruck-bund-fuhrt-biometrische-identitatskarte-ein","status":"publish","type":"post","link":"https:\/\/livelycity.com\/switzerland\/schweiz-andreas-glarner-tritt-als-nationalrat-und-svp-kantonalprasident-zuruck-bund-fuhrt-biometrische-identitatskarte-ein\/","title":{"rendered":"Schweiz: Andreas Glarner tritt als Nationalrat und SVP-Kantonalpr\u00e4sident zur\u00fcck +++ Bund f\u00fchrt biometrische Identit\u00e4tskarte ein"},"content":{"rendered":"<p>Die neuesten Meldungen.<\/p>\n<p><a href=\"https:\/\/www.nzz.ch\/schweiz\/schweiz-die-neusten-meldungen-ld.10021237\" target=\"_blank\" class=\"\">https:\/\/www.nzz.ch\/schweiz\/schweiz-die-neusten-meldungen-ld.10021237<\/a>\u00a0<\/p>\n","protected":false},"excerpt":{"rendered":"<p>Die neuesten Meldungen. https:\/\/www.nzz.ch\/schweiz\/schweiz-die-neusten-meldungen-ld.10021237\u00a0<\/p>\n","protected":false},"author":0,"featured_media":541280,"comment_status":"closed","ping_status":"closed","sticky":false,"template":"","format":"standard","meta":{"_jetpack_memberships_contains_paid_content":false,"footnotes":""},"categories":[6],"tags":[],"class_list":["post-541279","post","type-post","status-publish","format-standard","has-post-thumbnail","hentry","category-neue-zurcher-zeitung","wpcat-6-id"],"jetpack_featured_media_url":"https:\/\/livelycity.com\/switzerland\/wp-content\/uploads\/2026\/08\/ea433091-a756-4121-b200-dd463277c017-DIPbSh.jpg","jetpack_sharing_enabled":true,"_links":{"self":[{"href":"https:\/\/livelycity.com\/switzerland\/wp-json\/wp\/v2\/posts\/541279","targetHints":{"allow":["GET"]}}],"collection":[{"href":"https:\/\/livelycity.com\/switzerland\/wp-json\/wp\/v2\/posts"}],"about":[{"href":"https:\/\/livelycity.com\/switzerland\/wp-json\/wp\/v2\/types\/post"}],"replies":[{"embeddable":true,"href":"https:\/\/livelycity.com\/switzerland\/wp-json\/wp\/v2\/comments?post=541279"}],"version-history":[{"count":0,"href":"https:\/\/livelycity.com\/switzerland\/wp-json\/wp\/v2\/posts\/541279\/revisions"}],"wp:featuredmedia":[{"embeddable":true,"href":"https:\/\/livelycity.com\/switzerland\/wp-json\/wp\/v2\/media\/541280"}],"wp:attachment":[{"href":"https:\/\/livelycity.com\/switzerland\/wp-json\/wp\/v2\/media?parent=541279"}],"wp:term":[{"taxonomy":"category","embeddable":true,"href":"https:\/\/livelycity.com\/switzerland\/wp-json\/wp\/v2\/categories?post=541279"},{"taxonomy":"post_tag","embeddable":true,"href":"https:\/\/livelycity.com\/switzerland\/wp-json\/wp\/v2\/tags?post=541279"}],"curies":[{"name":"wp","href":"https:\/\/api.w.org\/{rel}","templated":true}]}}