{"id":541248,"date":"2026-08-26T17:47:16","date_gmt":"2026-08-26T17:47:16","guid":{"rendered":"https:\/\/livelycity.com\/switzerland\/seht-her-wir-machen-genug-rosti-reagiert-auf-den-hitzesommer-und-will-walder-und-bauern-unterstutzen\/"},"modified":"2026-08-26T17:47:16","modified_gmt":"2026-08-26T17:47:16","slug":"seht-her-wir-machen-genug-rosti-reagiert-auf-den-hitzesommer-und-will-walder-und-bauern-unterstutzen","status":"publish","type":"post","link":"https:\/\/livelycity.com\/switzerland\/seht-her-wir-machen-genug-rosti-reagiert-auf-den-hitzesommer-und-will-walder-und-bauern-unterstutzen\/","title":{"rendered":"Seht her, wir machen genug: R\u00f6sti reagiert auf den Hitzesommer und will W\u00e4lder und Bauern unterst\u00fctzen"},"content":{"rendered":"<p>Der Umweltminister erz\u00e4hlt an einer Medienkonferenz, wie viel der Bund f\u00fcr den Klimaschutz mache. Die Linke l\u00e4sst sich damit kaum bes\u00e4nftigen.<\/p>\n<p><a href=\"https:\/\/www.nzz.ch\/schweiz\/seht-her-wir-machen-genug-roesti-reagiert-auf-den-hitzesommer-und-will-waelder-und-bauern-unterstuetzen-ld.10021089\" target=\"_blank\" class=\"\">https:\/\/www.nzz.ch\/schweiz\/seht-her-wir-machen-genug-roesti-reagiert-auf-den-hitzesommer-und-will-waelder-und-bauern-unterstuetzen-ld.10021089<\/a>\u00a0<\/p>\n","protected":false},"excerpt":{"rendered":"<p>Der Umweltminister erz\u00e4hlt an einer Medienkonferenz, wie viel der Bund f\u00fcr den Klimaschutz mache. Die Linke l\u00e4sst sich damit kaum bes\u00e4nftigen. https:\/\/www.nzz.ch\/schweiz\/seht-her-wir-machen-genug-roesti-reagiert-auf-den-hitzesommer-und-will-waelder-und-bauern-unterstuetzen-ld.10021089\u00a0<\/p>\n","protected":false},"author":0,"featured_media":541249,"comment_status":"closed","ping_status":"closed","sticky":false,"template":"","format":"standard","meta":{"_jetpack_memberships_contains_paid_content":false,"footnotes":""},"categories":[6],"tags":[],"class_list":["post-541248","post","type-post","status-publish","format-standard","has-post-thumbnail","hentry","category-neue-zurcher-zeitung","wpcat-6-id"],"jetpack_featured_media_url":"https:\/\/livelycity.com\/switzerland\/wp-content\/uploads\/2026\/08\/70c32f58-952b-4fe4-b198-7b72a4d1a0cf-9cDB8n.jpg","jetpack_sharing_enabled":true,"_links":{"self":[{"href":"https:\/\/livelycity.com\/switzerland\/wp-json\/wp\/v2\/posts\/541248","targetHints":{"allow":["GET"]}}],"collection":[{"href":"https:\/\/livelycity.com\/switzerland\/wp-json\/wp\/v2\/posts"}],"about":[{"href":"https:\/\/livelycity.com\/switzerland\/wp-json\/wp\/v2\/types\/post"}],"replies":[{"embeddable":true,"href":"https:\/\/livelycity.com\/switzerland\/wp-json\/wp\/v2\/comments?post=541248"}],"version-history":[{"count":0,"href":"https:\/\/livelycity.com\/switzerland\/wp-json\/wp\/v2\/posts\/541248\/revisions"}],"wp:featuredmedia":[{"embeddable":true,"href":"https:\/\/livelycity.com\/switzerland\/wp-json\/wp\/v2\/media\/541249"}],"wp:attachment":[{"href":"https:\/\/livelycity.com\/switzerland\/wp-json\/wp\/v2\/media?parent=541248"}],"wp:term":[{"taxonomy":"category","embeddable":true,"href":"https:\/\/livelycity.com\/switzerland\/wp-json\/wp\/v2\/categories?post=541248"},{"taxonomy":"post_tag","embeddable":true,"href":"https:\/\/livelycity.com\/switzerland\/wp-json\/wp\/v2\/tags?post=541248"}],"curies":[{"name":"wp","href":"https:\/\/api.w.org\/{rel}","templated":true}]}}