{"id":541180,"date":"2026-08-26T14:52:40","date_gmt":"2026-08-26T14:52:40","guid":{"rendered":"https:\/\/livelycity.com\/switzerland\/kommentar-kuhler-kopf-trotz-hitzesommer-die-schweiz-sollte-handeln-aber-nicht-hyperventilieren\/"},"modified":"2026-08-26T14:52:40","modified_gmt":"2026-08-26T14:52:40","slug":"kommentar-kuhler-kopf-trotz-hitzesommer-die-schweiz-sollte-handeln-aber-nicht-hyperventilieren","status":"publish","type":"post","link":"https:\/\/livelycity.com\/switzerland\/kommentar-kuhler-kopf-trotz-hitzesommer-die-schweiz-sollte-handeln-aber-nicht-hyperventilieren\/","title":{"rendered":"KOMMENTAR &#8211; K\u00fchler Kopf trotz Hitzesommer \u2013 die Schweiz sollte handeln, aber nicht hyperventilieren"},"content":{"rendered":"<p>Gr\u00fcne und andere versuchen, aus dem Wetter der letzten Wochen politisch Kapital zu schlagen. Wenn nur das Niveau der Vorschl\u00e4ge so hoch w\u00e4re wie die Temperaturen. Die optimale L\u00f6sung ist bekannt, aber unpopul\u00e4r.<\/p>\n<p><a href=\"https:\/\/www.nzz.ch\/meinung\/kuehler-kopf-trotz-hitzesommer-die-schweiz-sollte-handeln-aber-nicht-hyperventilieren-ld.10021093\" target=\"_blank\" class=\"\">https:\/\/www.nzz.ch\/meinung\/kuehler-kopf-trotz-hitzesommer-die-schweiz-sollte-handeln-aber-nicht-hyperventilieren-ld.10021093<\/a>\u00a0<\/p>\n","protected":false},"excerpt":{"rendered":"<p>Gr\u00fcne und andere versuchen, aus dem Wetter der letzten Wochen politisch Kapital zu schlagen. Wenn nur das Niveau der Vorschl\u00e4ge so hoch w\u00e4re wie die&#8230;<\/p>\n","protected":false},"author":0,"featured_media":541181,"comment_status":"closed","ping_status":"closed","sticky":false,"template":"","format":"standard","meta":{"_jetpack_memberships_contains_paid_content":false,"footnotes":""},"categories":[6],"tags":[],"class_list":["post-541180","post","type-post","status-publish","format-standard","has-post-thumbnail","hentry","category-neue-zurcher-zeitung","wpcat-6-id"],"jetpack_featured_media_url":"https:\/\/livelycity.com\/switzerland\/wp-content\/uploads\/2026\/08\/7f53751f-c64f-4c07-9df0-d3646c92f018-x4PhHp.jpg","jetpack_sharing_enabled":true,"_links":{"self":[{"href":"https:\/\/livelycity.com\/switzerland\/wp-json\/wp\/v2\/posts\/541180","targetHints":{"allow":["GET"]}}],"collection":[{"href":"https:\/\/livelycity.com\/switzerland\/wp-json\/wp\/v2\/posts"}],"about":[{"href":"https:\/\/livelycity.com\/switzerland\/wp-json\/wp\/v2\/types\/post"}],"replies":[{"embeddable":true,"href":"https:\/\/livelycity.com\/switzerland\/wp-json\/wp\/v2\/comments?post=541180"}],"version-history":[{"count":0,"href":"https:\/\/livelycity.com\/switzerland\/wp-json\/wp\/v2\/posts\/541180\/revisions"}],"wp:featuredmedia":[{"embeddable":true,"href":"https:\/\/livelycity.com\/switzerland\/wp-json\/wp\/v2\/media\/541181"}],"wp:attachment":[{"href":"https:\/\/livelycity.com\/switzerland\/wp-json\/wp\/v2\/media?parent=541180"}],"wp:term":[{"taxonomy":"category","embeddable":true,"href":"https:\/\/livelycity.com\/switzerland\/wp-json\/wp\/v2\/categories?post=541180"},{"taxonomy":"post_tag","embeddable":true,"href":"https:\/\/livelycity.com\/switzerland\/wp-json\/wp\/v2\/tags?post=541180"}],"curies":[{"name":"wp","href":"https:\/\/api.w.org\/{rel}","templated":true}]}}