{"id":541135,"date":"2026-08-26T14:59:14","date_gmt":"2026-08-26T14:59:14","guid":{"rendered":"https:\/\/livelycity.com\/switzerland\/jetzt-kommt-die-velovorzugsroute-mitten-ins-zurcher-stadtzentrum-doch-der-stadtrat-ist-noch-weit-davon-entfernt-das-ziel-der-velorouten-initiative-zu-erfullen\/"},"modified":"2026-08-26T14:59:14","modified_gmt":"2026-08-26T14:59:14","slug":"jetzt-kommt-die-velovorzugsroute-mitten-ins-zurcher-stadtzentrum-doch-der-stadtrat-ist-noch-weit-davon-entfernt-das-ziel-der-velorouten-initiative-zu-erfullen","status":"publish","type":"post","link":"https:\/\/livelycity.com\/switzerland\/jetzt-kommt-die-velovorzugsroute-mitten-ins-zurcher-stadtzentrum-doch-der-stadtrat-ist-noch-weit-davon-entfernt-das-ziel-der-velorouten-initiative-zu-erfullen\/","title":{"rendered":"Jetzt kommt die Velovorzugsroute mitten ins Z\u00fcrcher Stadtzentrum \u2013 doch der Stadtrat ist noch weit davon entfernt, das Ziel der Velorouten-Initiative zu erf\u00fcllen"},"content":{"rendered":"<p>Vom Stauffacherquai f\u00fchrt nun ein Velo-Highway an den See. Eine Win-Win-Win-Situation sei das, sagt Tiefbauvorsteherin Simone Brander (SP). F\u00fcr Autofahrer allerdings ist es eine Loose-Situation.<\/p>\n<p><a href=\"https:\/\/www.nzz.ch\/zuerich\/jetzt-kommt-die-velovorzugsroute-mitten-ins-zuercher-stadtzentrum-doch-der-stadtrat-ist-noch-weit-davon-entfernt-das-ziel-der-velorouten-initiative-zu-erfuellen-ld.10021119\" target=\"_blank\" class=\"\">https:\/\/www.nzz.ch\/zuerich\/jetzt-kommt-die-velovorzugsroute-mitten-ins-zuercher-stadtzentrum-doch-der-stadtrat-ist-noch-weit-davon-entfernt-das-ziel-der-velorouten-initiative-zu-erfuellen-ld.10021119<\/a>\u00a0<\/p>\n","protected":false},"excerpt":{"rendered":"<p>Vom Stauffacherquai f\u00fchrt nun ein Velo-Highway an den See. Eine Win-Win-Win-Situation sei das, sagt Tiefbauvorsteherin Simone Brander (SP). F\u00fcr Autofahrer allerdings ist es eine Loose-Situation&#8230;.<\/p>\n","protected":false},"author":0,"featured_media":541132,"comment_status":"closed","ping_status":"closed","sticky":false,"template":"","format":"standard","meta":{"_jetpack_memberships_contains_paid_content":false,"footnotes":""},"categories":[6],"tags":[],"class_list":["post-541135","post","type-post","status-publish","format-standard","has-post-thumbnail","hentry","category-neue-zurcher-zeitung","wpcat-6-id"],"jetpack_featured_media_url":"https:\/\/livelycity.com\/switzerland\/wp-content\/uploads\/2026\/08\/90d89b31-aec9-4903-b774-124587d92f9c-z6Ynb8.jpg","jetpack_sharing_enabled":true,"_links":{"self":[{"href":"https:\/\/livelycity.com\/switzerland\/wp-json\/wp\/v2\/posts\/541135","targetHints":{"allow":["GET"]}}],"collection":[{"href":"https:\/\/livelycity.com\/switzerland\/wp-json\/wp\/v2\/posts"}],"about":[{"href":"https:\/\/livelycity.com\/switzerland\/wp-json\/wp\/v2\/types\/post"}],"replies":[{"embeddable":true,"href":"https:\/\/livelycity.com\/switzerland\/wp-json\/wp\/v2\/comments?post=541135"}],"version-history":[{"count":0,"href":"https:\/\/livelycity.com\/switzerland\/wp-json\/wp\/v2\/posts\/541135\/revisions"}],"wp:featuredmedia":[{"embeddable":true,"href":"https:\/\/livelycity.com\/switzerland\/wp-json\/wp\/v2\/media\/541132"}],"wp:attachment":[{"href":"https:\/\/livelycity.com\/switzerland\/wp-json\/wp\/v2\/media?parent=541135"}],"wp:term":[{"taxonomy":"category","embeddable":true,"href":"https:\/\/livelycity.com\/switzerland\/wp-json\/wp\/v2\/categories?post=541135"},{"taxonomy":"post_tag","embeddable":true,"href":"https:\/\/livelycity.com\/switzerland\/wp-json\/wp\/v2\/tags?post=541135"}],"curies":[{"name":"wp","href":"https:\/\/api.w.org\/{rel}","templated":true}]}}